{"id":1069,"date":"2020-09-21T12:46:00","date_gmt":"2020-09-21T10:46:00","guid":{"rendered":"https:\/\/www.celiacscatalunya.org\/blog\/?p=1069"},"modified":"2020-09-21T12:46:46","modified_gmt":"2020-09-21T10:46:46","slug":"integracio-de-linfant-celiac-a-lescola","status":"publish","type":"post","link":"https:\/\/www.celiacscatalunya.org\/blog\/integracio-de-linfant-celiac-a-lescola\/","title":{"rendered":"Integraci\u00f3 de l\u2019Infant Cel\u00edac a l\u2019escola"},"content":{"rendered":"\n<p>Aquest mes de setembre ha estat marcat per una inusual tornada dels petits a l\u2019escola, amb les mesures contra la Covid-19 i la inseguretat de no saber qu\u00e8 passar\u00e0 les pr\u00f2ximes setmanes. M\u00e9s de 30.000 nens i nenes cel\u00edacs i sensibles al gluten tornen a fer servir el servei menjador de la seva escola i a la preocupaci\u00f3 general de la seguretat amb la Covid-19 sumem el perill de la contaminaci\u00f3 encreuada amb gluten.<\/p>\n<p>Per aix\u00f2 volem dedicar un espai per a parlar de la integraci\u00f3 dels infants cel\u00edacs a l\u2019escola, de quina manera l\u2019Associaci\u00f3 pot donar suport als centres educatius i als pares en cas d\u2019incid\u00e8ncies i tamb\u00e9 del marc legal\u00a0 que protegeix els consumidors cel\u00edacs. \u00a0<\/p>\n<p>A l\u2019Associaci\u00f3 desenvolupem des de fa uns anys el <a href=\"https:\/\/www.celiacscatalunya.org\/es\/escuela_actividades\">Projecte Escoles<\/a> amb el qual posem a disposici\u00f3 dels centres educatius i dels pares i mares la <a href=\"https:\/\/www.celiacscatalunya.org\/pdfs\/guia-practica-la-celiaquia-a-l-escola.pdf\">Guia Pr\u00e0ctica La Celiaquia a l\u2019Escola,<\/a> on s\u2019aplega tota la informaci\u00f3 necess\u00e0ria sobre celiaquia, pautes de manipulaci\u00f3 a cuina i menjador i consells per a les celebracions i actes l\u00fadics a l\u2019escola. Tamb\u00e9 la <a href=\"https:\/\/www.celiacscatalunya.org\/pdfs\/Clas-Aliments_CAT_DIG.pdf\">guia actualitzada sobre la classificaci\u00f3 dels aliments<\/a>.<\/p>\n<p>Per altra banda, l\u2019Ag\u00e8ncia de Salut P\u00fablica de Catalunya, ha publicat aquest 2020 una actualitzaci\u00f3 de la <a href=\"http:\/\/salutpublica.gencat.cat\/web\/.content\/minisite\/aspcat\/promocio_salut\/alimentacio_saludable\/02Publicacions\/pub_alim_inf\/guia_alimentacio_saludable_etapa_escolar\/guia_alimentacio_etapa_escolar.pdf\">Guia Alimentaci\u00f3 Saludable en l\u2019Etapa Escolar<\/a>, on s\u2019inclou un apartat per a definir la celiaquia i altres aspectes importants sobre la dieta sense gluten, com ara la necessitat de prendre certes mesures a l\u2019hora d\u2019incloure les llenties al men\u00fa, ja que s\u00f3n susceptibles a la contaminaci\u00f3 encreuada amb gluten, com demostren els resultats de l\u2019informe d\u2019<a href=\"https:\/\/www.celiacscatalunya.org\/blog\/2019\/02\/01\/resultats-de-lanalisi-del-contingut-en-gluten-o\/\">an\u00e0lisi 2019<\/a>.<\/p>\n<p><strong>Un pas endavant en la seguretat de l\u2019infant cel\u00edac a l\u2019escola <\/strong><\/p>\n<p>A banda d\u2019incloure informaci\u00f3 espec\u00edfica sobre la malaltia cel\u00edaca i sobre bones pr\u00e0ctiques de manipulaci\u00f3 en la cuina escolar, en el <a href=\"http:\/\/salutpublica.gencat.cat\/web\/.content\/minisite\/aspcat\/promocio_salut\/alimentacio_saludable\/02Publicacions\/pub_alim_inf\/criteris-contractacio\/criteris-preme-accessible.pdf\">Programa de Revisi\u00f3 de Men\u00fas Escolars a Catalunya (PREME) de l\u2019Ag\u00e8ncia de Salut P\u00fablica de Catalunya,<\/a> per primer cop, s\u2019especifica, dins dels criteris avaluables d\u2019adjudicaci\u00f3, que aquelles empreses de restauraci\u00f3 col\u00b7lectiva que acreditin un sistema de gesti\u00f3 del gluten d\u2019acord amb el criteris establerts en el Projecte Restauraci\u00f3 \u2013 C\u00e0terings de l\u2019Associaci\u00f3 Cel\u00edacs de Catalunya, obtindran punts addicionals en concursos p\u00fablics per a l\u2019adjudicaci\u00f3 \u00a0del menjador dels centres educatius..<\/p>\n<p>Aix\u00f2 vol dir que les empreses que estiguin validades per l\u2019Associaci\u00f3 obtindran una major puntuaci\u00f3, augmentant aix\u00ed la possibilitat en la contractaci\u00f3 dels seus serveis respecte a altres empreses que no tinguin la certificaci\u00f3 de l\u2019Associaci\u00f3.<\/p>\n<p><strong>\u00a0<\/strong><strong>Amb qu\u00e8 ens trobem a l\u2019Associaci\u00f3 i quina \u00e9s la situaci\u00f3 actual, la realitat.<\/strong><\/p>\n<p>Els protocols de seguretat aliment\u00e0ria a l\u2019hora d\u2019elaborar i servir el men\u00fa sense gluten als centres escolars no sempre s\u00f3n suficients, com demostren les incid\u00e8ncies per contaminaci\u00f3 que freq\u00fcentment rebem i gestionem a l\u2019Associaci\u00f3.<\/p>\n<p>Les principals incid\u00e8ncies que rebem s\u00f3n causades per:<\/p>\n<ol>\n<li>d\u2019Impossibilitat d\u2019assegurar l\u2019abs\u00e8ncia de contaminaci\u00f3 encreuada per les caracter\u00edstiques de la cuina o menjador<\/li>\n<li>Impossibilitat de refrigerar\/escalfar la carmanyola<\/li>\n<li>Protocols d\u2019elaboraci\u00f3 i servei poc robustos i insuficients coneixements del personal.<\/li>\n<\/ol>\n<p>De fet, moltes de les incid\u00e8ncies que rebem s\u00f3n precisament perqu\u00e8 els petits han observat al menjador males pr\u00e0ctiques, com ara passar el pa amb gluten per sobre del seu plat, equivocaci\u00f3 de men\u00fa i banalitzaci\u00f3 de la malaltia per part del monitor\/a, assegurant que per una miqueta de gluten no passa res. \u00a0<\/p>\n<p>En molts casos la sospita de males pr\u00e0ctiques queda confirmada al fer-se la revisi\u00f3 m\u00e8dica anual despr\u00e9s de fer \u00fas del servei de menjador, quan es mostra un clar augment dels marcadors de la celiaquia, que milloren quan l\u2019infant deixa d\u2019utilitzar el servei menjador.<\/p>\n<ol start=\"4\">\n<li>El centre no disposa d\u2019un protocol d\u2019inclusi\u00f3 del nen a l\u2019escola.<\/li>\n<\/ol>\n<p>Cal trobar un equilibri entre les noves mesures contra la Covid-19, que pots consultar en el <a href=\"https:\/\/govern.cat\/govern\/docs\/2020\/07\/03\/15\/51\/965e6446-517c-48af-9cbf-6de670ab3c7a.pdf\">Pla d\u2019actuaci\u00f3 per al curs 2020-2021 del Departament d\u2019Educaci\u00f3,<\/a> i un criteri que faciliti la plena inclusi\u00f3 dels infants cel\u00edacs.<\/p>\n<p>D\u2019altra banda, \u00e9s important que tinguis coneixement de les seg\u00fcents lleis relacionades amb la seguretat aliment\u00e0ria i que pots posar en coneixement a la teva escola:<\/p>\n<ol>\n<li><a href=\"https:\/\/www.boe.es\/boe\/dias\/2011\/07\/06\/pdfs\/BOE-A-2011-11604.pdf\"><strong>El Reglament 17\/2011 de Seguretat Alimentaria i Nutrici\u00f3<\/strong><\/a> que especifica que els centres educatius han d\u2019oferir men\u00fas especials per als alumnes amb al\u00b7l\u00e8rgies, intoler\u00e0ncies aliment\u00e0ries o celiaquia diagnosticades.<\/li>\n<\/ol>\n<p>En cas de que el centre, per les seves condicions organitzatives o instal\u00b7lacions de cuina no permeti complir les garanties exigides, <strong>s\u2019han de facilitar els mitjans de refrigeraci\u00f3 i escalfament adequats perqu\u00e8 es pugui conservar i consumir el men\u00fa especial proporcionat per la fam\u00edlia<\/strong>, i han de ser d\u2019\u00fas exclusiu per a aquests \u00e0pats.<\/p>\n<ol start=\"2\">\n<li><a href=\"https:\/\/www.boe.es\/doue\/2011\/304\/L00018-00063.pdf\"><strong>El Reglament 1169\/2011 sobre la Informaci\u00f3 Facilitada al Consumidor<\/strong><\/a><strong>,<\/strong> que obliga a declarar la pres\u00e8ncia d\u2019al\u00b7l\u00e8rgens en les mat\u00e8ries primeres.<\/li>\n<li><a href=\"https:\/\/www.boe.es\/doue\/2014\/228\/L00005-00008.pdf\"><strong>El Reglament 828\/2014<\/strong><\/a><strong>,<\/strong> relatiu a la pres\u00e8ncia de gluten en les mat\u00e8ries primeres.<\/li>\n<li><strong>La resoluci\u00f3 56\/XII del Parlament<\/strong> que especifica que les escoles han de poder oferir un servei de menjador en el qual es tinguin en compte els protocols de seguretat d\u2019aliment\u00e0ria que garanteixin el compliment dels Reglaments anteriors.<\/li>\n<\/ol>\n<p>A data d\u2019avui, la realitat \u00e9s que no s\u2019est\u00e0 executant, tal i com l\u2019associaci\u00f3 va denunciar <a href=\"https:\/\/www.celiacscatalunya.org\/blog\/2019\/05\/16\/ladministracio-posa-en-risc-la-salut-dels-30-000-infants-celiacs-i-sensibles-al-gluten-que-mengen-als-menjadors-escolars\/\">en aquest post del 2019<\/a>.<\/p>\n<p>En conjunt, cal que les escoles apliquin protocols de seguretat aliment\u00e0ria, per a evitar la contaminaci\u00f3 encreuada durant l\u2019elaboraci\u00f3 i servei del men\u00fa sense gluten, i que el producte servit a taula tingui menys de 20ppm de gluten per tal d\u2019evitar lesions a l\u2019intest\u00ed prim. \u00a0<\/p>\n<p><strong>Com procedir en cas d\u2019observar males pr\u00e0ctiques al centre escolar<\/strong>.<\/p>\n<p>Per a finalitzar, no sabem com transcorrer\u00e0 aquest curs 2020-2021, ni com les noves mesures contra la Covid-19 afectaran als espais de menjador i a les bones pr\u00e0ctiques per\u00f2 si observes indicis de que els protocols no s\u00f3n suficientment robustos, o si es produeix una contaminaci\u00f3 amb gluten, el nostre consell \u00e9s que mantingues una reuni\u00f3 amb l\u2019escola per posar-los en coneixement dels fets. Tamb\u00e9 pots comunicar-los que l\u2019Associaci\u00f3 disposa de servei d\u2019assessorament gratu\u00eft.<\/p>\n","protected":false},"excerpt":{"rendered":"<p>Aquest mes de setembre ha estat marcat per una inusual tornada dels petits a l\u2019escola, amb les mesures contra la Covid-19 i la inseguretat de no saber qu\u00e8 passar\u00e0 les pr\u00f2ximes setmanes. M\u00e9s de 30.000 nens i nenes cel\u00edacs i sensibles al gluten tornen a fer servir el servei menjador de la seva escola i [&hellip;]<\/p>\n","protected":false},"author":6,"featured_media":1070,"comment_status":"open","ping_status":"closed","sticky":false,"template":"","format":"standard","meta":{"spay_email":"","jetpack_publicize_message":""},"categories":[22,37,33,32],"tags":[],"jetpack_featured_media_url":"https:\/\/i2.wp.com\/www.celiacscatalunya.org\/blog\/wp-content\/uploads\/2020\/09\/pexels-pixabay-256468-scaled-e1600685113439.jpg?fit=900%2C600&ssl=1","jetpack_publicize_connections":[],"jetpack_sharing_enabled":true,"jetpack_shortlink":"https:\/\/wp.me\/p9jMUf-hf","jetpack-related-posts":[],"_links":{"self":[{"href":"https:\/\/www.celiacscatalunya.org\/blog\/wp-json\/wp\/v2\/posts\/1069"}],"collection":[{"href":"https:\/\/www.celiacscatalunya.org\/blog\/wp-json\/wp\/v2\/posts"}],"about":[{"href":"https:\/\/www.celiacscatalunya.org\/blog\/wp-json\/wp\/v2\/types\/post"}],"author":[{"embeddable":true,"href":"https:\/\/www.celiacscatalunya.org\/blog\/wp-json\/wp\/v2\/users\/6"}],"replies":[{"embeddable":true,"href":"https:\/\/www.celiacscatalunya.org\/blog\/wp-json\/wp\/v2\/comments?post=1069"}],"version-history":[{"count":3,"href":"https:\/\/www.celiacscatalunya.org\/blog\/wp-json\/wp\/v2\/posts\/1069\/revisions"}],"predecessor-version":[{"id":1485,"href":"https:\/\/www.celiacscatalunya.org\/blog\/wp-json\/wp\/v2\/posts\/1069\/revisions\/1485"}],"wp:featuredmedia":[{"embeddable":true,"href":"https:\/\/www.celiacscatalunya.org\/blog\/wp-json\/wp\/v2\/media\/1070"}],"wp:attachment":[{"href":"https:\/\/www.celiacscatalunya.org\/blog\/wp-json\/wp\/v2\/media?parent=1069"}],"wp:term":[{"taxonomy":"category","embeddable":true,"href":"https:\/\/www.celiacscatalunya.org\/blog\/wp-json\/wp\/v2\/categories?post=1069"},{"taxonomy":"post_tag","embeddable":true,"href":"https:\/\/www.celiacscatalunya.org\/blog\/wp-json\/wp\/v2\/tags?post=1069"}],"curies":[{"name":"wp","href":"https:\/\/api.w.org\/{rel}","templated":true}]}}