{"id":1073,"date":"2020-11-24T08:28:53","date_gmt":"2020-11-24T07:28:53","guid":{"rendered":"https:\/\/www.celiacscatalunya.org\/blog\/?p=1073"},"modified":"2020-11-24T08:28:53","modified_gmt":"2020-11-24T07:28:53","slug":"malaltia-celiaca-i-salut-bucodental","status":"publish","type":"post","link":"https:\/\/www.celiacscatalunya.org\/blog\/malaltia-celiaca-i-salut-bucodental\/","title":{"rendered":"Malaltia cel\u00edaca i salut bucodental"},"content":{"rendered":"\n<p>La Malaltia Cel\u00edaca (MC) \u00e9s una patologia autoimmune caracteritzada per una atr\u00f2fia de la mucosa intestinal depenent de la ingesta de gluten. El diagn\u00f2stic d\u2019aquesta patologia \u00e9s complex i ha de basar-se en la pres\u00e8ncia de simptomatologia cl\u00ednica, proves serol\u00f2giques i detecci\u00f3 d\u2019anticossos espec\u00edfics. Malgrat que la majoria de la cl\u00ednica es manifesta a la zona gastrointestinal tamb\u00e9 poden apar\u00e8ixer canvis patol\u00f2gics en la zona oral.<\/p>\n<p>Les manifestacions m\u00e9s recurrents a la cavitat oral s\u00f3n:<\/p>\n<ul>\n<li>Estomatitis aftosa recurrent<\/li>\n<li>Lesions hipopl\u00e0siques de l\u2019esmalt<\/li>\n<\/ul>\n<p>Es poden observar amb freq\u00fc\u00e8ncia defectes molt espec\u00edfics en el desenvolupament de l\u2019esmalt tant en la dentici\u00f3 temporal com en la dentici\u00f3 permanent, aquesta \u00faltima amb molta m\u00e9s freq\u00fc\u00e8ncia. Tot i aix\u00f2, aquests defectes a l\u2019esmalt no tenen per qu\u00e8 augmentar el risc de c\u00e0ries si la higiene oral \u00e9s adequada.<\/p>\n<p>Existeix una diversitat de possibilitats pel que fa a l\u2019aspecte de les lesions, i \u00e9s determinant per al seu diagn\u00f2stic la simetria, ja que s\u2019observa que afecta m\u00e9s als incisius i molars:<\/p>\n<ul>\n<li>Taquetes de color crema, grogues o marronoses amb una disminuci\u00f3 de la translucidesa de l\u2019esmalt<\/li>\n<li>Defectes estructurals lleus, amb rugositat de l\u2019esmalt i convexitats m\u00ednimes<\/li>\n<li>Defectes importants amb aparici\u00f3 de ranures de profunditats diferents en la superf\u00edcie<\/li>\n<li>Defectes severs amb canvis estructurals de morfologia i color.<\/li>\n<\/ul>\n<p>De la mateixa manera, les car\u00e8ncies aliment\u00e0ries provocades per una dieta inadequada poden impedir el desenvolupament complet de les dents.<\/p>\n<p>Defici\u00e8ncies habituals en pacients cel\u00edacs com la vitamina B12 o el ferro solen provocar lesions aftoses recurrents, aix\u00ed com ulceracions, cr\u00e9mor i sequedat de les mucoses i la llengua.<\/p>\n<p>Establir una dieta equilibrada i sense gluten, limitant la ingesta de sucres i subst\u00e0ncies \u00e0cides l\u2019abans possible, juntament amb una bona rutina d\u2019higiene oral permet reduir riscos de lesions dels teixits.<\/p>\n<p>Donat que la malaltia cel\u00edaca est\u00e0 molt relacionada amb la Diabetes Mellitus tipus 1 \u00e9s clau establir un diagn\u00f2stic preco\u00e7 que tingui present els signes cl\u00ednics orals amb la finalitat de prevenir el seu progr\u00e9s.<\/p>\n<p>Aix\u00ed doncs, \u00e9s evident que la consulta odontol\u00f2gica forma part essencial en el diagn\u00f2stic de la MC, la combinaci\u00f3 recurrent dels defectes a l\u2019esmalt i les lesions en la mucosa haurien d\u2019alertar-nos i en conseq\u00fc\u00e8ncia realitzar les proves complement\u00e0ries necess\u00e0ries per a establir un diagn\u00f2stic definitiu.<\/p>\n<p>La detecci\u00f3 preco\u00e7 de la MC \u00e9s clau per a establir unes pautes d\u2019higiene oral, i de control de les lesions pel que \u00e9s recomanable dur a terme revisions cada 6 mesos, sobretot en infants amb dentici\u00f3 temporal.<\/p>\n<p>\u00a0<\/p>\n<p>Mitjan\u00e7ant el seg\u00fcent enlla\u00e7 pots accedir al lloc web d&#8217;Instituts Odontol\u00f2gics. https:\/\/ioa.es\/ca\/empreses-i-entitats\/promocio-exclusiva-socis-associacio-celiacs-catalunya\/<\/p>\n<p>\u00a0<\/p>\n<p>\u00a0<\/p>\n","protected":false},"excerpt":{"rendered":"<p>La Malaltia Cel\u00edaca (MC) \u00e9s una patologia autoimmune caracteritzada per una atr\u00f2fia de la mucosa intestinal depenent de la ingesta de gluten. El diagn\u00f2stic d\u2019aquesta patologia \u00e9s complex i ha de basar-se en la pres\u00e8ncia de simptomatologia cl\u00ednica, proves serol\u00f2giques i detecci\u00f3 d\u2019anticossos espec\u00edfics. Malgrat que la majoria de la cl\u00ednica es manifesta a la [&hellip;]<\/p>\n","protected":false},"author":6,"featured_media":1074,"comment_status":"open","ping_status":"closed","sticky":false,"template":"","format":"standard","meta":{"spay_email":"","jetpack_publicize_message":""},"categories":[57,100],"tags":[],"jetpack_featured_media_url":"https:\/\/i2.wp.com\/www.celiacscatalunya.org\/blog\/wp-content\/uploads\/2020\/11\/image004.jpg?fit=428%2C428&ssl=1","jetpack_publicize_connections":[],"jetpack_sharing_enabled":true,"jetpack_shortlink":"https:\/\/wp.me\/p9jMUf-hj","jetpack-related-posts":[],"_links":{"self":[{"href":"https:\/\/www.celiacscatalunya.org\/blog\/wp-json\/wp\/v2\/posts\/1073"}],"collection":[{"href":"https:\/\/www.celiacscatalunya.org\/blog\/wp-json\/wp\/v2\/posts"}],"about":[{"href":"https:\/\/www.celiacscatalunya.org\/blog\/wp-json\/wp\/v2\/types\/post"}],"author":[{"embeddable":true,"href":"https:\/\/www.celiacscatalunya.org\/blog\/wp-json\/wp\/v2\/users\/6"}],"replies":[{"embeddable":true,"href":"https:\/\/www.celiacscatalunya.org\/blog\/wp-json\/wp\/v2\/comments?post=1073"}],"version-history":[{"count":2,"href":"https:\/\/www.celiacscatalunya.org\/blog\/wp-json\/wp\/v2\/posts\/1073\/revisions"}],"predecessor-version":[{"id":1484,"href":"https:\/\/www.celiacscatalunya.org\/blog\/wp-json\/wp\/v2\/posts\/1073\/revisions\/1484"}],"wp:featuredmedia":[{"embeddable":true,"href":"https:\/\/www.celiacscatalunya.org\/blog\/wp-json\/wp\/v2\/media\/1074"}],"wp:attachment":[{"href":"https:\/\/www.celiacscatalunya.org\/blog\/wp-json\/wp\/v2\/media?parent=1073"}],"wp:term":[{"taxonomy":"category","embeddable":true,"href":"https:\/\/www.celiacscatalunya.org\/blog\/wp-json\/wp\/v2\/categories?post=1073"},{"taxonomy":"post_tag","embeddable":true,"href":"https:\/\/www.celiacscatalunya.org\/blog\/wp-json\/wp\/v2\/tags?post=1073"}],"curies":[{"name":"wp","href":"https:\/\/api.w.org\/{rel}","templated":true}]}}