{"id":1110,"date":"2021-04-29T10:53:12","date_gmt":"2021-04-29T08:53:12","guid":{"rendered":"https:\/\/www.celiacscatalunya.org\/blog\/?p=1110"},"modified":"2021-04-29T10:53:12","modified_gmt":"2021-04-29T08:53:12","slug":"medicaments-i-malaltia-celiaca","status":"publish","type":"post","link":"https:\/\/www.celiacscatalunya.org\/blog\/medicaments-i-malaltia-celiaca\/","title":{"rendered":"Medicaments i Malaltia Cel\u00edaca"},"content":{"rendered":"\n<p>La malaltia cel\u00edaca \u00e9s una afecci\u00f3 autoimmune que danya al revestiment de l\u2019intest\u00ed prim. Aquest mal prov\u00e9 d\u2019una reacci\u00f3 posterior a la ingesta de gluten. \u00c9s per aix\u00f2 que l\u2019\u00fanic\u00a0 tractament d\u2019aquesta malaltia \u00e9s una dieta lliure de gluten per a tota la vida.<\/p>\n<p>S\u2019ha de tenir en compte que <strong>es pot ingerir gluten d\u2019altres fonts diferent als aliments<\/strong>, \u00a0com \u00e9s el cas dels medicaments, que \u00a0poden contenir midons procedents de cereals amb gluten entre els seus ingredients.<\/p>\n<p>Pot oc\u00f3rrer que a causa del desconeixement d\u2019aquesta dada la persona cel\u00edaca transgredeixi la dieta cosa que pot \u201dactivar\u201d el sistema immune i la lesi\u00f3 derivada a l\u2019intest\u00ed, que en ocasions pot estar acompanyada de simptomatologia . Per a evitar aquests ingestes involunt\u00e0ries de gluten, que poden tenir conseq\u00fc\u00e8ncies nefastes a curt i mig termini en la salut de la persona cel\u00edaca, a continuaci\u00f3 farem una breu explicaci\u00f3 sobre la legislaci\u00f3 i donarem unes pautes per a poder recon\u00e8ixer un medicament apte.<\/p>\n<p><strong>Gluten en medicaments:<\/strong><\/p>\n<p>Un dels excipients (components d\u2019un medicament diferents del principi actiu i del material de condicionament) m\u00e9s usats en la fabricaci\u00f3 de comprimits i c\u00e0psules \u00e9s el mid\u00f3, procedent de farina de blat, de blat de moro, patata o arr\u00f2s.<\/p>\n<p>El mid\u00f3 de blat de moro, patata o arr\u00f2s no afecta els pacients amb malaltia cel\u00edaca, sempre que sigui sense gluten, per\u00f2 s\u00ed pot fer-ho el mid\u00f3 de blat, que cont\u00e9 gluten. \u00c9s per aix\u00f2 que la normativa vigent obliga els laboratoris farmac\u00e8utics a <strong>declarar si el gluten \u00e9s present com a excipient.<\/strong><\/p>\n<p><strong>Legislaci\u00f3 vigent:<\/strong><\/p>\n<p>El contingut en gluten dels medicaments est\u00e0 regulat per <a href=\"https:\/\/www.boe.es\/boe\/dias\/2007\/11\/07\/pdfs\/A45652-45698.pdf\">l\u2019article 34 del Reial Decret 1345\/2007<\/a> i la Circular 1\/2018 de l\u2019Ag\u00e8ncia Espanyola de Medicaments i Productes Sanitaris (AEMPS). Aquesta, deroga l\u2019antiga Circular 2\/2008 per\u00f2 es concedeixen tres anys per a la total substituci\u00f3, \u00e9s per aix\u00f2 que avui dia poden trobar-nos la informaci\u00f3 en els medicaments de les dues maneres.<\/p>\n<p>En l\u2019article 34 del Reial Decret 135\/2007 s\u2019estableix l\u2019obligaci\u00f3 de declarar determinats excipients en l\u2019etiquetatge (env\u00e0s del medicament), el prospecte i la fitxa t\u00e8cnica. Aquests excipients s\u00f3n els denominats \u201cexcipients de declaraci\u00f3 obligat\u00f2ria\u201d entre els quals es troba el gluten.<\/p>\n<p><strong>Informaci\u00f3 que han d\u2019incloure els medicaments:<\/strong><\/p>\n<p>En la legislaci\u00f3 es declara que s\u2019ha d\u2019incloure tant en l\u2019etiquetatge com en el prospecte la proced\u00e8ncia del mid\u00f3. A m\u00e9s, <strong>en el prospecte s\u2019inclouran declaracions o mencions que facin refer\u00e8ncia a l\u2019aptitud dels medicaments per a les persones cel\u00edaques<\/strong>, com per exemple \u201cEs considera &lt;&lt;sense gluten&gt;&gt; i \u00e9s poc probable que provoqui problemes a les persones cel\u00edaques\u201d o \u201c\u00c9s adequat per a pacients cel\u00edacs\u201d. Fins i tot quan contenen \u00a0midons procedents de cereals amb gluten sobre la base de la quantitat permesa de 20 ppm.<\/p>\n<p><strong>\u00a0<\/strong><strong>Recomanacions a seguir per a la presa de medicaments:<\/strong><\/p>\n<ul>\n<li>Sempre que una persona cel\u00edaca vagi a ser visitada per un especialista ha d\u2019informar-lo o fins i tot recordar-li la seva condici\u00f3 de persona cel\u00edaca.<\/li>\n<li>En recollir el medicament a la farm\u00e0cia \u00e9s recomanable preguntar al personal farmac\u00e8utic sobre la seva aptitud per a les persones cel\u00edaques.<\/li>\n<li>Una vegada es tingui el medicament consultar l\u2019etiquetatge i el prospecte, buscant informaci\u00f3 sobre els excipients.<\/li>\n<li>En cas de tenir dubtes sobre els excipients consultar <a href=\"https:\/\/www.celiacscatalunya.org\/pdfs\/Excipientes.pdf\">el llistat dels excipients que s\u00f3n de susceptibles de contenir gluten.<\/a><\/li>\n<li><strong>Buscar declaracions en el prospecte: \u201csense gluten\u201d o \u201c\u00e9s adequat per a persones cel\u00edaques\u201d.<\/strong><\/li>\n<li>En cas de notar qualsevol problema consultar amb el teu metge de cap\u00e7alera.<\/li>\n<\/ul>\n<p>En cas de tenir qualsevol dubte sobre un medicament es pot utilitzar <a href=\"https:\/\/cima.aemps.es\/cima\/publico\/home.html\">CIMA<\/a> el cercador que posa a disposici\u00f3 l\u2019AEMPS (Ag\u00e8ncia Espanyola de Medicaments i Productes Sanitaris ) on apareix tota la informaci\u00f3 dels medicaments, es poden realitzar consultes sota diferents criteris, de manera que, s\u2019obtinguin diferents nivells de detall de la informaci\u00f3 dels medicaments, com les fitxes t\u00e8cniques.<\/p>\n<p><strong>BIBLIOGRAFIA:<\/strong><\/p>\n<ul>\n<li><a href=\"https:\/\/www.boe.es\/buscar\/doc.php?id=BOE-A-2007-19249\">Reial decret 1345\/2007<\/a>, d&#8217;11 d&#8217;octubre, pel qual es regula el procediment d&#8217;autoritzaci\u00f3, registre i condicions de dispensaci\u00f3 dels medicaments d&#8217;\u00fas hum\u00e0 fabricats industrialment.<\/li>\n<li>Agencia espanyola del medicament i producte sanitari: Medicaments i gluten<\/li>\n<\/ul>\n<p><a href=\"https:\/\/cima.aemps.es\/cima\/publico\/home.html\">.:: CIMA ::. Centro de informaci\u00f3n de medicamentos (aemps.es)<\/a><\/p>\n<ul>\n<li>Associaci\u00f3 Cel\u00edacs de Catalunya: Medicaments:<\/li>\n<\/ul>\n<p><a href=\"https:\/\/www.celiacscatalunya.org\/ca\/medicaments\">El gluten als medicaments (celiacscatalunya.org)<\/a><\/p>\n","protected":false},"excerpt":{"rendered":"<p>La malaltia cel\u00edaca \u00e9s una afecci\u00f3 autoimmune que danya al revestiment de l\u2019intest\u00ed prim. Aquest mal prov\u00e9 d\u2019una reacci\u00f3 posterior a la ingesta de gluten. \u00c9s per aix\u00f2 que l\u2019\u00fanic\u00a0 tractament d\u2019aquesta malaltia \u00e9s una dieta lliure de gluten per a tota la vida. S\u2019ha de tenir en compte que es pot ingerir gluten d\u2019altres [&hellip;]<\/p>\n","protected":false},"author":6,"featured_media":1111,"comment_status":"open","ping_status":"closed","sticky":false,"template":"","format":"standard","meta":{"spay_email":"","jetpack_publicize_message":""},"categories":[1],"tags":[],"jetpack_featured_media_url":"https:\/\/i0.wp.com\/www.celiacscatalunya.org\/blog\/wp-content\/uploads\/2021\/04\/pexels-jeshootscom-576831-scaled-e1619686306766.jpg?fit=600%2C400&ssl=1","jetpack_publicize_connections":[],"jetpack_sharing_enabled":true,"jetpack_shortlink":"https:\/\/wp.me\/p9jMUf-hU","jetpack-related-posts":[],"_links":{"self":[{"href":"https:\/\/www.celiacscatalunya.org\/blog\/wp-json\/wp\/v2\/posts\/1110"}],"collection":[{"href":"https:\/\/www.celiacscatalunya.org\/blog\/wp-json\/wp\/v2\/posts"}],"about":[{"href":"https:\/\/www.celiacscatalunya.org\/blog\/wp-json\/wp\/v2\/types\/post"}],"author":[{"embeddable":true,"href":"https:\/\/www.celiacscatalunya.org\/blog\/wp-json\/wp\/v2\/users\/6"}],"replies":[{"embeddable":true,"href":"https:\/\/www.celiacscatalunya.org\/blog\/wp-json\/wp\/v2\/comments?post=1110"}],"version-history":[{"count":3,"href":"https:\/\/www.celiacscatalunya.org\/blog\/wp-json\/wp\/v2\/posts\/1110\/revisions"}],"predecessor-version":[{"id":1470,"href":"https:\/\/www.celiacscatalunya.org\/blog\/wp-json\/wp\/v2\/posts\/1110\/revisions\/1470"}],"wp:featuredmedia":[{"embeddable":true,"href":"https:\/\/www.celiacscatalunya.org\/blog\/wp-json\/wp\/v2\/media\/1111"}],"wp:attachment":[{"href":"https:\/\/www.celiacscatalunya.org\/blog\/wp-json\/wp\/v2\/media?parent=1110"}],"wp:term":[{"taxonomy":"category","embeddable":true,"href":"https:\/\/www.celiacscatalunya.org\/blog\/wp-json\/wp\/v2\/categories?post=1110"},{"taxonomy":"post_tag","embeddable":true,"href":"https:\/\/www.celiacscatalunya.org\/blog\/wp-json\/wp\/v2\/tags?post=1110"}],"curies":[{"name":"wp","href":"https:\/\/api.w.org\/{rel}","templated":true}]}}