{"id":1339,"date":"2023-07-26T13:53:45","date_gmt":"2023-07-26T11:53:45","guid":{"rendered":"https:\/\/www.celiacscatalunya.org\/blog\/?p=1339"},"modified":"2023-07-31T13:06:31","modified_gmt":"2023-07-31T11:06:31","slug":"tot-i-el-balanc-postitiu-dels-controls-de-la-gestio-del-gluten-cal-estar-atent-a-les-especies-i-a-les-infusions","status":"publish","type":"post","link":"https:\/\/www.celiacscatalunya.org\/blog\/tot-i-el-balanc-postitiu-dels-controls-de-la-gestio-del-gluten-cal-estar-atent-a-les-especies-i-a-les-infusions\/","title":{"rendered":"Tot i el balan\u00e7 positiu dels controls de la gesti\u00f3 del gluten, cal estar atent a les esp\u00e8cies i a les infusions"},"content":{"rendered":"\n<p>Des de l\u2019any 2008, l\u2019Associaci\u00f3 de Cel\u00edacs de Catalunya portem a terme anualment un estudi de mercat amb l\u2019objectiu de realitzar un control dels productes susceptibles a ser consumits pel col\u00b7lectiu cel\u00edac per tal de poder regular la legislaci\u00f3 vigent i ajustar l\u2019etiquetatge.<\/p>\n<ul>\n<li><a href=\"https:\/\/www.celiacscatalunya.org\/blog\/964\/\">Resultats de l\u2019an\u00e0lisi de control de mercat 2019<\/a><\/li>\n<li><a href=\"https:\/\/www.celiacscatalunya.org\/blog\/resultats-de-lanalisi-del-contingut-en-gluten-o\/\">Resultats de l\u2019an\u00e0lisi de control de mercat 2018<\/a><\/li>\n<\/ul>\n<p><strong>\u00a0<\/strong>El nou <strong>informe<\/strong> d\u2019anal\u00edtiques dut a terme per l\u2019entitat recull les <strong>dades dels anys 2020, 2021 i 2022.<\/strong> Les mostres van ser analitzades a l\u2019Ag\u00e8ncia de Salut P\u00fablica de Barcelona (ASPB) i al Laboratori Anabiol, ambd\u00f3s laboratoris acreditats per a l\u2019an\u00e0lisi del contingut de gluten mitjan\u00e7ant la t\u00e8cnica oficial (Elisa R5).<\/p>\n<p><strong>De les 509 mostres analitzades durant aquests tres anys:<\/strong><\/p>\n<ul>\n<li><strong>301 han estat mostres artesanals\u00a0 <\/strong>(sense envasar o envasats en el punt de venda, com gelats, embotits i productes carnis, productes de fleca, de pastisseria i rebosteria i plats preparats)<\/li>\n<li><strong>168 industrials <\/strong>(productes envasats com fruits secs, infusions, l\u00e0ctics, pat\u00e9s i cremes per untar i esp\u00e8cies i condiments)<\/li>\n<li>i<strong> 40 industrials a granel <\/strong>(com infusions, esp\u00e8cies i condiments).<\/li>\n<\/ul>\n<p>Els productes estan dividits en 3 categories segons el seu etiquetat: <strong>sense gluten, traces<\/strong> (contacte encreuat amb gluten) i <strong>cap menci\u00f3 al gluten.<\/strong><\/p>\n<p><strong>\u00a0<\/strong>Aquests s\u00f3n els resultats (Taula 1):<\/p>\n<div id=\"attachment_1342\" style=\"width: 763px\" class=\"wp-caption alignnone\"><img aria-describedby=\"caption-attachment-1342\" data-attachment-id=\"1342\" data-permalink=\"https:\/\/www.celiacscatalunya.org\/blog\/tot-i-el-balanc-postitiu-dels-controls-de-la-gestio-del-gluten-cal-estar-atent-a-les-especies-i-a-les-infusions\/taula-4\/\" data-orig-file=\"https:\/\/i2.wp.com\/www.celiacscatalunya.org\/blog\/wp-content\/uploads\/2023\/07\/Taula-4.png?fit=753%2C370&amp;ssl=1\" data-orig-size=\"753,370\" data-comments-opened=\"1\" data-image-meta=\"{&quot;aperture&quot;:&quot;0&quot;,&quot;credit&quot;:&quot;&quot;,&quot;camera&quot;:&quot;&quot;,&quot;caption&quot;:&quot;&quot;,&quot;created_timestamp&quot;:&quot;0&quot;,&quot;copyright&quot;:&quot;&quot;,&quot;focal_length&quot;:&quot;0&quot;,&quot;iso&quot;:&quot;0&quot;,&quot;shutter_speed&quot;:&quot;0&quot;,&quot;title&quot;:&quot;&quot;,&quot;orientation&quot;:&quot;0&quot;}\" data-image-title=\"Taula 1. Resultats dels an\u00e0lisi per categories de producte i etiquetatge.\" data-image-description=\"\" data-medium-file=\"https:\/\/i2.wp.com\/www.celiacscatalunya.org\/blog\/wp-content\/uploads\/2023\/07\/Taula-4.png?fit=300%2C147&amp;ssl=1\" data-large-file=\"https:\/\/i2.wp.com\/www.celiacscatalunya.org\/blog\/wp-content\/uploads\/2023\/07\/Taula-4.png?fit=616%2C303&amp;ssl=1\" decoding=\"async\" loading=\"lazy\" class=\"wp-image-1342 size-full\" src=\"https:\/\/i2.wp.com\/www.celiacscatalunya.org\/blog\/wp-content\/uploads\/2023\/07\/Taula-4.png?resize=616%2C303&#038;ssl=1\" alt=\"Taula 1. Resultats dels an\u00e0lisi per categories de producte i etiquetatge.\" width=\"616\" height=\"303\" srcset=\"https:\/\/i2.wp.com\/www.celiacscatalunya.org\/blog\/wp-content\/uploads\/2023\/07\/Taula-4.png?w=753&amp;ssl=1 753w, https:\/\/i2.wp.com\/www.celiacscatalunya.org\/blog\/wp-content\/uploads\/2023\/07\/Taula-4.png?resize=300%2C147&amp;ssl=1 300w\" sizes=\"(max-width: 616px) 100vw, 616px\" data-recalc-dims=\"1\" \/><p id=\"caption-attachment-1342\" class=\"wp-caption-text\">Taula 1. Resultats de les an\u00e0lisis per categories de producte i etiquetatge.<\/p><\/div>\n<p>Segons els resultats de les an\u00e0lisis, podem indicar que durant aquests tres anys, hem obtingut un <strong>98,2% de resultats negatius (&lt;20 ppm) de totes les mostres analitzades<\/strong>, fet que ens indica que els controls i manteniments de la gesti\u00f3 del gluten s\u2019estan duent a terme de manera correcta.<\/p>\n<p>Per altra banda, un <strong>1,8% de les mostres analitzades van donar positiu. <\/strong>En comparaci\u00f3 amb informes d\u2019anal\u00edtiques d\u2019anys anteriors, el percentatge de mostres positives ha disminu\u00eft un 1,2% respecte a 2019 (3% de mostres positives), quasi un 2% respecte a 2018 (3,77%), i quasi un 3% respecte a 2017 (4,6%). <strong>Aix\u00f2 denota una millora continua del autocontrols de la ind\u00fastria aliment\u00e0ria respecte al control del gluten en els productes acabats.<\/strong><\/p>\n<p><strong>Quines mostres han donat un resultat positiu en gluten?<\/strong><\/p>\n<p>A continuaci\u00f3, es mostren els resultats de les mostres analitzades amb resultats positius de gluten (&gt;20 ppm) (Taula 2):<\/p>\n<div id=\"attachment_1341\" style=\"width: 827px\" class=\"wp-caption alignnone\"><img aria-describedby=\"caption-attachment-1341\" data-attachment-id=\"1341\" data-permalink=\"https:\/\/www.celiacscatalunya.org\/blog\/tot-i-el-balanc-postitiu-dels-controls-de-la-gestio-del-gluten-cal-estar-atent-a-les-especies-i-a-les-infusions\/taula-tipus-de-prod\/\" data-orig-file=\"https:\/\/i1.wp.com\/www.celiacscatalunya.org\/blog\/wp-content\/uploads\/2023\/07\/Taula-tipus-de-prod.png?fit=817%2C774&amp;ssl=1\" data-orig-size=\"817,774\" data-comments-opened=\"1\" data-image-meta=\"{&quot;aperture&quot;:&quot;0&quot;,&quot;credit&quot;:&quot;&quot;,&quot;camera&quot;:&quot;&quot;,&quot;caption&quot;:&quot;&quot;,&quot;created_timestamp&quot;:&quot;0&quot;,&quot;copyright&quot;:&quot;&quot;,&quot;focal_length&quot;:&quot;0&quot;,&quot;iso&quot;:&quot;0&quot;,&quot;shutter_speed&quot;:&quot;0&quot;,&quot;title&quot;:&quot;&quot;,&quot;orientation&quot;:&quot;0&quot;}\" data-image-title=\"Taula tipus de prod\" data-image-description=\"\" data-medium-file=\"https:\/\/i1.wp.com\/www.celiacscatalunya.org\/blog\/wp-content\/uploads\/2023\/07\/Taula-tipus-de-prod.png?fit=300%2C284&amp;ssl=1\" data-large-file=\"https:\/\/i1.wp.com\/www.celiacscatalunya.org\/blog\/wp-content\/uploads\/2023\/07\/Taula-tipus-de-prod.png?fit=616%2C584&amp;ssl=1\" decoding=\"async\" loading=\"lazy\" class=\"wp-image-1341 size-full\" src=\"https:\/\/i1.wp.com\/www.celiacscatalunya.org\/blog\/wp-content\/uploads\/2023\/07\/Taula-tipus-de-prod.png?resize=616%2C584&#038;ssl=1\" alt=\"\" width=\"616\" height=\"584\" srcset=\"https:\/\/i1.wp.com\/www.celiacscatalunya.org\/blog\/wp-content\/uploads\/2023\/07\/Taula-tipus-de-prod.png?w=817&amp;ssl=1 817w, https:\/\/i1.wp.com\/www.celiacscatalunya.org\/blog\/wp-content\/uploads\/2023\/07\/Taula-tipus-de-prod.png?resize=300%2C284&amp;ssl=1 300w, https:\/\/i1.wp.com\/www.celiacscatalunya.org\/blog\/wp-content\/uploads\/2023\/07\/Taula-tipus-de-prod.png?resize=768%2C728&amp;ssl=1 768w\" sizes=\"(max-width: 616px) 100vw, 616px\" data-recalc-dims=\"1\" \/><p id=\"caption-attachment-1341\" class=\"wp-caption-text\">Taula 2. Mostres analitzades amb resultat positiu (&gt;20ppm)<\/p><\/div>\n<p><strong>7 de les 9 mostres analitzades que han donat un resultat superior a 20 ppm de gluten no presentaven cap menci\u00f3 \u201csense gluten\u201d a l\u2019etiquetatge i eren aliments susceptibles de contenir-ne<\/strong><strong>, es a dir productes que no haurien de ser consumits per les persones cel\u00edaques.<\/strong> Aix\u00f2 demostra la import\u00e0ncia de sempre comprovar que tinguin el s\u00edmbol o menci\u00f3 \u201csense gluten\u201d els productes no gen\u00e8rics, i no fiar-nos nom\u00e9s dels ingredients o la menci\u00f3 a les traces de gluten. Pel que fa a les esp\u00e8cies, com podem observar, \u00e9s una de les fam\u00edlies de productes amb m\u00e9s positius, tant a granel (prohibides per a les persones cel\u00edaques) com a envasades en pols. <strong>D&#8217;aquesta manera creiem convenient mantenir la precauci\u00f3 a l&#8217;hora de comprar esp\u00e8cies i assegurar-se sempre que estan etiquetades sense gluten.<\/strong><\/p>\n<p><strong>\u00a0<\/strong><strong>En aquesta l\u00ednia, els productes analitzats d\u2019inici de 2023 fins a dia d\u2019avui, ens mostren unes dades rellevants. De 6 mostres de esp\u00e8cies envasades i etiquetades sense gluten de dues botigues online especialitzades, 2 van donar valors positius (Taula 3).<\/strong><\/p>\n<div id=\"attachment_1340\" style=\"width: 744px\" class=\"wp-caption alignnone\"><img aria-describedby=\"caption-attachment-1340\" data-attachment-id=\"1340\" data-permalink=\"https:\/\/www.celiacscatalunya.org\/blog\/tot-i-el-balanc-postitiu-dels-controls-de-la-gestio-del-gluten-cal-estar-atent-a-les-especies-i-a-les-infusions\/taula-2023\/\" data-orig-file=\"https:\/\/i1.wp.com\/www.celiacscatalunya.org\/blog\/wp-content\/uploads\/2023\/07\/Taula-2023.png?fit=734%2C154&amp;ssl=1\" data-orig-size=\"734,154\" data-comments-opened=\"1\" data-image-meta=\"{&quot;aperture&quot;:&quot;0&quot;,&quot;credit&quot;:&quot;&quot;,&quot;camera&quot;:&quot;&quot;,&quot;caption&quot;:&quot;&quot;,&quot;created_timestamp&quot;:&quot;0&quot;,&quot;copyright&quot;:&quot;&quot;,&quot;focal_length&quot;:&quot;0&quot;,&quot;iso&quot;:&quot;0&quot;,&quot;shutter_speed&quot;:&quot;0&quot;,&quot;title&quot;:&quot;&quot;,&quot;orientation&quot;:&quot;0&quot;}\" data-image-title=\"Taula 2023\" data-image-description=\"\" data-medium-file=\"https:\/\/i1.wp.com\/www.celiacscatalunya.org\/blog\/wp-content\/uploads\/2023\/07\/Taula-2023.png?fit=300%2C63&amp;ssl=1\" data-large-file=\"https:\/\/i1.wp.com\/www.celiacscatalunya.org\/blog\/wp-content\/uploads\/2023\/07\/Taula-2023.png?fit=616%2C129&amp;ssl=1\" decoding=\"async\" loading=\"lazy\" class=\"wp-image-1340 size-full\" src=\"https:\/\/i1.wp.com\/www.celiacscatalunya.org\/blog\/wp-content\/uploads\/2023\/07\/Taula-2023.png?resize=616%2C129&#038;ssl=1\" alt=\"Taula 3. Valors positius\" width=\"616\" height=\"129\" srcset=\"https:\/\/i1.wp.com\/www.celiacscatalunya.org\/blog\/wp-content\/uploads\/2023\/07\/Taula-2023.png?w=734&amp;ssl=1 734w, https:\/\/i1.wp.com\/www.celiacscatalunya.org\/blog\/wp-content\/uploads\/2023\/07\/Taula-2023.png?resize=300%2C63&amp;ssl=1 300w\" sizes=\"(max-width: 616px) 100vw, 616px\" data-recalc-dims=\"1\" \/><p id=\"caption-attachment-1340\" class=\"wp-caption-text\">Taula 3. Valors positius<\/p><\/div>\n<p><strong>Es tracta d\u2019una dada preocupant que ens han fet prendre les mesures pertinents, contactant amb el venedor del producte i la marca associada a ell. A m\u00e9s, hem comunicat a l\u2019Ag\u00e8ncia Catalana de Consum i a l\u2019Ag\u00e8ncia Catalana de Seguretat Aliment\u00e0ria els resultats de les mostres positives.<\/strong><\/p>\n<p>En tot cas, recordem que el m\u00e9s recomanable pel col\u00b7lectiu cel\u00edac \u00e9s<strong> comprar productes sense gluten en establiments acreditats per l\u2019Associaci\u00f3 Cel\u00edacs de Catalunya, basar la dieta en aliments que naturalment no tinguin gluten i no consumir productes que no estiguin etiquetats \u201csense gluten\u201d i siguin susceptibles de contenir-ne.<\/strong><\/p>\n<p>Us animem a consultar la <a href=\"https:\/\/www.celiacscatalunya.org\/pdfs\/Taula_Aliments-2021_dig.pdf\">Taula orientativa d\u2019Aliments amb gluten i sense<\/a> en cas que us sorgeixi qualsevol dubte.<\/p>\n<p><strong>\u00a0<\/strong>Consulta aqu\u00ed l\u2019<a href=\"https:\/\/www.celiacscatalunya.org\/pdfs\/Informe_analitiques_2020_a_2022.pdf\"><strong>informe detallat<\/strong><\/a>.<\/p>\n<p><strong>\u00a0<\/strong><\/p>\n<p><strong>\u00a0<\/strong><\/p>\n","protected":false},"excerpt":{"rendered":"<p>Des de l\u2019any 2008, l\u2019Associaci\u00f3 de Cel\u00edacs de Catalunya portem a terme anualment un estudi de mercat amb l\u2019objectiu de realitzar un control dels productes susceptibles a ser consumits pel col\u00b7lectiu cel\u00edac per tal de poder regular la legislaci\u00f3 vigent i ajustar l\u2019etiquetatge. Resultats de l\u2019an\u00e0lisi de control de mercat 2019 Resultats de l\u2019an\u00e0lisi de [&hellip;]<\/p>\n","protected":false},"author":6,"featured_media":1345,"comment_status":"open","ping_status":"closed","sticky":false,"template":"","format":"standard","meta":{"spay_email":"","jetpack_publicize_message":""},"categories":[4,57,79],"tags":[],"jetpack_featured_media_url":"https:\/\/i2.wp.com\/www.celiacscatalunya.org\/blog\/wp-content\/uploads\/2023\/07\/Art.-Informe-dan\u00e0lisis.png?fit=900%2C506&ssl=1","jetpack_publicize_connections":[],"jetpack_sharing_enabled":true,"jetpack_shortlink":"https:\/\/wp.me\/p9jMUf-lB","jetpack-related-posts":[],"_links":{"self":[{"href":"https:\/\/www.celiacscatalunya.org\/blog\/wp-json\/wp\/v2\/posts\/1339"}],"collection":[{"href":"https:\/\/www.celiacscatalunya.org\/blog\/wp-json\/wp\/v2\/posts"}],"about":[{"href":"https:\/\/www.celiacscatalunya.org\/blog\/wp-json\/wp\/v2\/types\/post"}],"author":[{"embeddable":true,"href":"https:\/\/www.celiacscatalunya.org\/blog\/wp-json\/wp\/v2\/users\/6"}],"replies":[{"embeddable":true,"href":"https:\/\/www.celiacscatalunya.org\/blog\/wp-json\/wp\/v2\/comments?post=1339"}],"version-history":[{"count":4,"href":"https:\/\/www.celiacscatalunya.org\/blog\/wp-json\/wp\/v2\/posts\/1339\/revisions"}],"predecessor-version":[{"id":1448,"href":"https:\/\/www.celiacscatalunya.org\/blog\/wp-json\/wp\/v2\/posts\/1339\/revisions\/1448"}],"wp:featuredmedia":[{"embeddable":true,"href":"https:\/\/www.celiacscatalunya.org\/blog\/wp-json\/wp\/v2\/media\/1345"}],"wp:attachment":[{"href":"https:\/\/www.celiacscatalunya.org\/blog\/wp-json\/wp\/v2\/media?parent=1339"}],"wp:term":[{"taxonomy":"category","embeddable":true,"href":"https:\/\/www.celiacscatalunya.org\/blog\/wp-json\/wp\/v2\/categories?post=1339"},{"taxonomy":"post_tag","embeddable":true,"href":"https:\/\/www.celiacscatalunya.org\/blog\/wp-json\/wp\/v2\/tags?post=1339"}],"curies":[{"name":"wp","href":"https:\/\/api.w.org\/{rel}","templated":true}]}}