{"id":1561,"date":"2025-02-11T10:54:06","date_gmt":"2025-02-11T09:54:06","guid":{"rendered":"https:\/\/www.celiacscatalunya.org\/blog\/?p=1561"},"modified":"2025-02-11T10:54:06","modified_gmt":"2025-02-11T09:54:06","slug":"amor-sense-gluten","status":"publish","type":"post","link":"https:\/\/www.celiacscatalunya.org\/blog\/amor-sense-gluten\/","title":{"rendered":"Amor sense gluten"},"content":{"rendered":"\n<p><strong>Tenir celiaquia condiciona les teves cites o \u00e9s un filtre per trobar la persona adequada?<\/strong><\/p>\n<p>A l\u2019hora de l\u2019enamorament influeixen diversos factors, l\u2019atracci\u00f3 f\u00edsica, compartir similituds, la qu\u00edmica&#8230;, \u00e9s un proc\u00e9s subjectiu que dep\u00e8n d\u2019una combinaci\u00f3 de factors, per\u00f2 quin paper hi juga un diagn\u00f2stic de celiaquia?<\/p>\n<p>Hem parlat amb tres persones associades de l\u2019entitat amb malaltia cel\u00edaca o sensibilitat al gluten no cel\u00edaca i ens han explicat com ha influ\u00eft en les seves relacions amoroses.<\/p>\n<p>La Marta, 36 anys, diagnosticada de celiaquia des d\u2019entrada la vintena, afirma que \u201cindicar que tens celiaquia a una possible parella, t\u2019ajuda a veure r\u00e0pidament si la persona t\u00e9 un inter\u00e8s genu\u00ed per tu, de seguida vol aprendre i implicar-se\u201d. Comenta que \u201csempre \u00e9s millor informar de seguida que tens celiaquia, ja que qui t\u2019estimi ho entendr\u00e0, ho respectar\u00e0 i voldr\u00e0 que estiguis b\u00e9\u201d.<\/p>\n<p>En una ocasi\u00f3, en el moment d\u2019una ruptura, entre diversos motius, li van posar d\u2019excusa el fet de no poder anar a menjar a qualsevol lloc. Aix\u00f2 la va perseguir durant un temps fins que en tornar a tenir cites va veure que era una excusa m\u00e9s, no una ra\u00f3 en si, ja que totes les cites que va tenir mostraven atenci\u00f3 i inter\u00e8s, preguntant i adaptant-se. \u201cQuan hi ha inter\u00e8s, no hi ha problema amb el gluten\u201d.<\/p>\n<blockquote>\n<p>\u201cQuan hi ha inter\u00e8s, no hi ha problema amb el gluten\u201d.<\/p>\n<\/blockquote>\n<p>A les aplicacions de cites, a part d\u2019altres caracter\u00edstiques, sempre indicava que no menjava gluten, cosa que donava peu a parlar de la celiaquia. A banda, \u201ca les primeres cites pot ser que costi donar explicacions al personal de sala d\u2019un restaurant o cafeteria, per\u00f2 ens hem d\u2019apoderar i no tenir vergonya\u201d.<\/p>\n<p>Actualment, est\u00e0 en una relaci\u00f3 amb una persona que no t\u00e9 celiaquia i que des del primer dia ha estat molt atent amb la dieta sense gluten, atenci\u00f3 que s\u2019ha fet extensible a la seva fam\u00edlia. El sogre de la Marta es va fer soci de l\u2019Associaci\u00f3 Cel\u00edacs de Catalunya per estar ben informat sobre la malaltia i poder seguir b\u00e9 els protocols en mat\u00e8ria d\u2019alimentaci\u00f3 sense gluten apta per a persones amb celiaquia. Aix\u00f2 s\u00ed que \u00e9s implicar-se!<\/p>\n<p>L\u2019Albert, sensible al gluten no cel\u00edac, de 30 anys, explica que \u201cencara manca molta sensibilitzaci\u00f3 sobre la malaltia i la primera reacci\u00f3 de la persona amb la qual t\u2019has citat acostuma a indicar-te el nivell de coneixement que t\u00e9 sobre la celiaquia i la sensibilitat al gluten no cel\u00edaca\u201d. Tot i ignorar qu\u00e8 significa, les parelles que ha tingut sempre han estat obertes a escoltar, aprendre i ajudar. Afirma que \u201cla situaci\u00f3 amb una possible relaci\u00f3 de parella \u00e9s la mateixa que amb els amics, els reals s\u00f3n els que es preocupen per tu i la teva salut\u201d.<\/p>\n<p>Fa un temps, va sortir amb una persona que habitualment menjava fora de casa i com que a la zona on vivien hi ha molt poques opcions d\u2019establiments segurs, sovint s\u2019havia d\u2019endur la carmanyola per mantenir la salut. \u201cTrobar restaurants aptes depenent d\u2019on visquis \u00e9s el que \u00e9s complicat, per aix\u00f2, m\u2019adapto sense posar en risc la meva salut\u201d.<\/p>\n<p>Per la seva part, l\u2019Anna, de 26 anys, diagnosticada de celiaquia des de ben petita, explica que, a banda de la dificultat de trobar restaurants segurs, la celiaquia no ha interferit en les seves relacions de parella. A l\u2019haver tingut un diagn\u00f2stic tan preco\u00e7, est\u00e0 acostumada a lidiar amb la falta d\u2019opcions i t\u00e9 recursos.<\/p>\n<p>En l\u2019\u00e0mbit \u00edntim, tots tres coincideixen que a l\u2019hora de fer petons \u00e9s important un m\u00ednim d\u2019higiene si la parella ha menjat gluten, que no hi hagi restes de menjar, i si ha pres una beguda amb gluten, com a m\u00ednim glopejar aigua.<\/p>\n<p>Tenir o no parella \u00e9s una decisi\u00f3 personal, per\u00f2 en el cas que et decideixis per comen\u00e7ar a tenir cites, la celiaquia no hauria de ser un impediment, en tot cas un filtre m\u00e9s que t\u2019indicar\u00e0 si aquella persona amb la qual t\u2019est\u00e0s citant \u00e9s l\u2019adequada per tu.<\/p>\n<p>*Per mantenir la privacitat de les persones citades a l\u2019article hem utilitzat pseud\u00f2nims.<\/p>\n","protected":false},"excerpt":{"rendered":"<p>Tenir celiaquia condiciona les teves cites o \u00e9s un filtre per trobar la persona adequada? A l\u2019hora de l\u2019enamorament influeixen diversos factors, l\u2019atracci\u00f3 f\u00edsica, compartir similituds, la qu\u00edmica&#8230;, \u00e9s un proc\u00e9s subjectiu que dep\u00e8n d\u2019una combinaci\u00f3 de factors, per\u00f2 quin paper hi juga un diagn\u00f2stic de celiaquia? Hem parlat amb tres persones associades de l\u2019entitat [&hellip;]<\/p>\n","protected":false},"author":6,"featured_media":1562,"comment_status":"open","ping_status":"closed","sticky":false,"template":"","format":"standard","meta":{"spay_email":"","jetpack_publicize_message":""},"categories":[114],"tags":[],"jetpack_featured_media_url":"https:\/\/i0.wp.com\/www.celiacscatalunya.org\/blog\/wp-content\/uploads\/2025\/02\/Imatges-Blog-1200-\u00d7-800-px-2.png?fit=1200%2C800&ssl=1","jetpack_publicize_connections":[],"jetpack_sharing_enabled":true,"jetpack_shortlink":"https:\/\/wp.me\/p9jMUf-pb","jetpack-related-posts":[],"_links":{"self":[{"href":"https:\/\/www.celiacscatalunya.org\/blog\/wp-json\/wp\/v2\/posts\/1561"}],"collection":[{"href":"https:\/\/www.celiacscatalunya.org\/blog\/wp-json\/wp\/v2\/posts"}],"about":[{"href":"https:\/\/www.celiacscatalunya.org\/blog\/wp-json\/wp\/v2\/types\/post"}],"author":[{"embeddable":true,"href":"https:\/\/www.celiacscatalunya.org\/blog\/wp-json\/wp\/v2\/users\/6"}],"replies":[{"embeddable":true,"href":"https:\/\/www.celiacscatalunya.org\/blog\/wp-json\/wp\/v2\/comments?post=1561"}],"version-history":[{"count":3,"href":"https:\/\/www.celiacscatalunya.org\/blog\/wp-json\/wp\/v2\/posts\/1561\/revisions"}],"predecessor-version":[{"id":1566,"href":"https:\/\/www.celiacscatalunya.org\/blog\/wp-json\/wp\/v2\/posts\/1561\/revisions\/1566"}],"wp:featuredmedia":[{"embeddable":true,"href":"https:\/\/www.celiacscatalunya.org\/blog\/wp-json\/wp\/v2\/media\/1562"}],"wp:attachment":[{"href":"https:\/\/www.celiacscatalunya.org\/blog\/wp-json\/wp\/v2\/media?parent=1561"}],"wp:term":[{"taxonomy":"category","embeddable":true,"href":"https:\/\/www.celiacscatalunya.org\/blog\/wp-json\/wp\/v2\/categories?post=1561"},{"taxonomy":"post_tag","embeddable":true,"href":"https:\/\/www.celiacscatalunya.org\/blog\/wp-json\/wp\/v2\/tags?post=1561"}],"curies":[{"name":"wp","href":"https:\/\/api.w.org\/{rel}","templated":true}]}}