{"id":1568,"date":"2025-03-07T11:14:04","date_gmt":"2025-03-07T10:14:04","guid":{"rendered":"https:\/\/www.celiacscatalunya.org\/blog\/?p=1568"},"modified":"2025-03-07T13:18:07","modified_gmt":"2025-03-07T12:18:07","slug":"dones-que-lluiten-pel-collectiu-amb-celiaquia","status":"publish","type":"post","link":"https:\/\/www.celiacscatalunya.org\/blog\/dones-que-lluiten-pel-collectiu-amb-celiaquia\/","title":{"rendered":"Dones que lluiten pel col\u00b7lectiu amb celiaquia"},"content":{"rendered":"\n<p>Volem aprofitar el <strong>Dia Internacional de la Dona,<\/strong> 8 de mar\u00e7, per parlar-te de <strong>dones implicades amb el col\u00b7lectiu amb celiaquia<\/strong>, ja siguin investigadores, doctores, etc. Esperem que t\u2019inspirin tant com a nosaltres!<\/p>\n<p><strong>Dra. Gemma Ib\u00e1\u00f1ez, <\/strong><em>metgessa especialista en aparell digestiu, PhD<\/em><\/p>\n<p><strong> <img data-attachment-id=\"1571\" data-permalink=\"https:\/\/www.celiacscatalunya.org\/blog\/dones-que-lluiten-pel-collectiu-amb-celiaquia\/dsc_8772\/\" data-orig-file=\"https:\/\/i0.wp.com\/www.celiacscatalunya.org\/blog\/wp-content\/uploads\/2025\/03\/DSC_8772-scaled.jpg?fit=1707%2C2560&amp;ssl=1\" data-orig-size=\"1707,2560\" data-comments-opened=\"1\" data-image-meta=\"{&quot;aperture&quot;:&quot;1.8&quot;,&quot;credit&quot;:&quot;&quot;,&quot;camera&quot;:&quot;NIKON D7500&quot;,&quot;caption&quot;:&quot;&quot;,&quot;created_timestamp&quot;:&quot;1741100153&quot;,&quot;copyright&quot;:&quot;&quot;,&quot;focal_length&quot;:&quot;50&quot;,&quot;iso&quot;:&quot;160&quot;,&quot;shutter_speed&quot;:&quot;0.005&quot;,&quot;title&quot;:&quot;&quot;,&quot;orientation&quot;:&quot;1&quot;}\" data-image-title=\"DSC_8772\" data-image-description=\"\" data-medium-file=\"https:\/\/i0.wp.com\/www.celiacscatalunya.org\/blog\/wp-content\/uploads\/2025\/03\/DSC_8772-scaled.jpg?fit=200%2C300&amp;ssl=1\" data-large-file=\"https:\/\/i0.wp.com\/www.celiacscatalunya.org\/blog\/wp-content\/uploads\/2025\/03\/DSC_8772-scaled.jpg?fit=616%2C924&amp;ssl=1\" decoding=\"async\" loading=\"lazy\" class=\"alignleft wp-image-1571 size-medium\" src=\"https:\/\/i0.wp.com\/www.celiacscatalunya.org\/blog\/wp-content\/uploads\/2025\/03\/DSC_8772.jpg?resize=200%2C300&#038;ssl=1\" alt=\"\" width=\"200\" height=\"300\" srcset=\"https:\/\/i0.wp.com\/www.celiacscatalunya.org\/blog\/wp-content\/uploads\/2025\/03\/DSC_8772-scaled.jpg?resize=200%2C300&amp;ssl=1 200w, https:\/\/i0.wp.com\/www.celiacscatalunya.org\/blog\/wp-content\/uploads\/2025\/03\/DSC_8772-scaled.jpg?resize=683%2C1024&amp;ssl=1 683w, https:\/\/i0.wp.com\/www.celiacscatalunya.org\/blog\/wp-content\/uploads\/2025\/03\/DSC_8772-scaled.jpg?resize=768%2C1152&amp;ssl=1 768w, https:\/\/i0.wp.com\/www.celiacscatalunya.org\/blog\/wp-content\/uploads\/2025\/03\/DSC_8772-scaled.jpg?resize=1024%2C1536&amp;ssl=1 1024w, https:\/\/i0.wp.com\/www.celiacscatalunya.org\/blog\/wp-content\/uploads\/2025\/03\/DSC_8772-scaled.jpg?resize=1365%2C2048&amp;ssl=1 1365w, https:\/\/i0.wp.com\/www.celiacscatalunya.org\/blog\/wp-content\/uploads\/2025\/03\/DSC_8772-scaled.jpg?resize=816%2C1224&amp;ssl=1 816w, https:\/\/i0.wp.com\/www.celiacscatalunya.org\/blog\/wp-content\/uploads\/2025\/03\/DSC_8772-scaled.jpg?w=1707&amp;ssl=1 1707w, https:\/\/i0.wp.com\/www.celiacscatalunya.org\/blog\/wp-content\/uploads\/2025\/03\/DSC_8772-scaled.jpg?w=1232&amp;ssl=1 1232w\" sizes=\"(max-width: 200px) 100vw, 200px\" data-recalc-dims=\"1\" \/><\/strong><\/p>\n<p>La Dra. Ib\u00e1\u00f1ez \u00e9s una metgessa especialista en l\u2019aparell digestiu, la malaltia cel\u00edaca i el c\u00e0ncer colorectal a l\u2019Hospital Universitari de Bellvitge. Forma part del Grup de C\u00e0ncer Colorectal, Programa ONCOBELL a l\u2019Institut d&#8217;Investigaci\u00f3 Biom\u00e8dica de Bellvitge (IDIBELL).<\/p>\n<p>La seva dedicaci\u00f3 al col\u00b7lectiu amb celiaquia ha estat i \u00e9s intensa i diversa, com millorar les eines diagn\u00f2stiques del seu centre, millorar el coneixement sobre aquesta malaltia (entre pacients i metges), ajudar en la recerca, crear material i protocols per millorar la pr\u00e0ctica cl\u00ednica.\u00a0Col\u00b7labora amb l\u2019Associaci\u00f3 Cel\u00edacs de Catalunya fent formaci\u00f3 i divulgaci\u00f3, tant impartint pon\u00e8ncies com fent tasca divulgativa a trav\u00e9s de mitjans de comunicaci\u00f3.<\/p>\n<blockquote>\n<p><em>\u201cDe la meva feina m\u2019omple trobar la soluci\u00f3 al problema digestiu del pacient (fer el diagn\u00f2stic de celiaquia) despr\u00e9s de mesos o anys patint la malaltia sense saber-ho. I encara \u00e9s m\u00e9s gratificant veure, a la visita despr\u00e9s del diagn\u00f2stic, com de b\u00e9 es troben en retirar el gluten.\u201d<\/em><\/p>\n<\/blockquote>\n<p><strong>Ver\u00f2nica Rubi\u00f3, <\/strong><em>secret\u00e0ria general de l\u2019AOEC<\/em><em>S<\/em><\/p>\n<p><strong> <img data-attachment-id=\"1574\" data-permalink=\"https:\/\/www.celiacscatalunya.org\/blog\/dones-que-lluiten-pel-collectiu-amb-celiaquia\/veronica_rubio\/\" data-orig-file=\"https:\/\/i2.wp.com\/www.celiacscatalunya.org\/blog\/wp-content\/uploads\/2025\/03\/veronica_rubio.png?fit=495%2C329&amp;ssl=1\" data-orig-size=\"495,329\" data-comments-opened=\"1\" data-image-meta=\"{&quot;aperture&quot;:&quot;0&quot;,&quot;credit&quot;:&quot;&quot;,&quot;camera&quot;:&quot;&quot;,&quot;caption&quot;:&quot;&quot;,&quot;created_timestamp&quot;:&quot;0&quot;,&quot;copyright&quot;:&quot;&quot;,&quot;focal_length&quot;:&quot;0&quot;,&quot;iso&quot;:&quot;0&quot;,&quot;shutter_speed&quot;:&quot;0&quot;,&quot;title&quot;:&quot;&quot;,&quot;orientation&quot;:&quot;0&quot;}\" data-image-title=\"veronica_rubio\" data-image-description=\"\" data-medium-file=\"https:\/\/i2.wp.com\/www.celiacscatalunya.org\/blog\/wp-content\/uploads\/2025\/03\/veronica_rubio.png?fit=300%2C199&amp;ssl=1\" data-large-file=\"https:\/\/i2.wp.com\/www.celiacscatalunya.org\/blog\/wp-content\/uploads\/2025\/03\/veronica_rubio.png?fit=495%2C329&amp;ssl=1\" decoding=\"async\" loading=\"lazy\" class=\"alignleft wp-image-1574 size-medium\" src=\"https:\/\/i2.wp.com\/www.celiacscatalunya.org\/blog\/wp-content\/uploads\/2025\/03\/veronica_rubio.png?resize=300%2C199&#038;ssl=1\" alt=\"\" width=\"300\" height=\"199\" srcset=\"https:\/\/i2.wp.com\/www.celiacscatalunya.org\/blog\/wp-content\/uploads\/2025\/03\/veronica_rubio.png?resize=300%2C199&amp;ssl=1 300w, https:\/\/i2.wp.com\/www.celiacscatalunya.org\/blog\/wp-content\/uploads\/2025\/03\/veronica_rubio.png?w=495&amp;ssl=1 495w\" sizes=\"(max-width: 300px) 100vw, 300px\" data-recalc-dims=\"1\" \/><\/strong>La Ver\u00f2nica Rubi\u00f3 \u00e9s <strong>secret\u00e0ria general de l\u2019Associaci\u00f3 d\u2019Associacions de Cel\u00edacs d\u2019Europa (<\/strong><a href=\"https:\/\/www.aoecs.org\/\"><strong>AOECS<\/strong><\/a><strong>) <\/strong>des de fa 4 anys<strong> &#8211;<\/strong>organitzaci\u00f3 a la qual l\u2019Associaci\u00f3 Cel\u00edacs de Catalunya estem adherits<strong>&#8211;<\/strong>, cosa que implica ser el cap visible de l&#8217;organitzaci\u00f3 a Brussel\u00b7les, tant davant les institucions europees com davant diferents aliats i parts interessades, com per exemple representants de la ind\u00fastria aliment\u00e0ria europea, associacions de pacients amb interessos compartits, etc.<\/p>\n<p>Juntament amb la junta directiva, <strong>la seva funci\u00f3 principal \u00e9s dissenyar i executar l&#8217;estrat\u00e8gia de l&#8217;organitzaci\u00f3 perqu\u00e8 es produeixin millores concretes a la vida de les persones amb celiaquia<\/strong>. Aix\u00f2 implica comprendre b\u00e9 les necessitats del col\u00b7lectiu als diferents pa\u00efsos membre de l\u2019AOECS: ser l\u2019interlocutor referent i estar al dia de les respostes legislatives a nivell Europeu que puguin afectar el pacient amb celiaquia. Tamb\u00e9 significa estar atenta i tenir en compte casos exitosos, que puguin ser replicats a altres pa\u00efsos. De fet, un dels principals valors afegits de l\u2019AOECS als seus membres \u00e9s crear una plataforma d&#8217;intercanvi de casos pr\u00e0ctics, experi\u00e8ncies i idees.<\/p>\n<blockquote>\n<p><em>\u201cM&#8217;encanta poder treballar amb i per a persones que posen tot el seu cor en all\u00f2 que fan. Tot i que encara no hi hagi cap cura per a la malaltia cel\u00edaca, els \u00e8xits del col\u00b7lectiu cel\u00edac en els darrers 50 anys s\u00f3n impressionants, tant en formaci\u00f3 i informaci\u00f3 com en l&#8217;oferta de la ind\u00fastria aliment\u00e0ria sense gluten. Tots aquests \u00e8xits han requerit perseveran\u00e7a, entesa entre les diferents parts i, sobretot, posar el cor, implicar-se personalment, amb idees i treball molt\u00edssimes vegades no remunerat.\u201d<\/em><\/p>\n<\/blockquote>\n<p><strong>Dra. Montse Montraveta, <\/strong><em>MD PhD. Unitat\u00a0de Gastroenterologia,\u00a0Hepatologia i Nutrici\u00f3 Pedi\u00e0trica. Servei de Pediatria a l\u2019Hospital Germans Trias i Pujol<\/em><\/p>\n<p><img data-attachment-id=\"1573\" data-permalink=\"https:\/\/www.celiacscatalunya.org\/blog\/dones-que-lluiten-pel-collectiu-amb-celiaquia\/dra\/\" data-orig-file=\"https:\/\/i1.wp.com\/www.celiacscatalunya.org\/blog\/wp-content\/uploads\/2025\/03\/Dra.jpg?fit=1200%2C1600&amp;ssl=1\" data-orig-size=\"1200,1600\" data-comments-opened=\"1\" data-image-meta=\"{&quot;aperture&quot;:&quot;0&quot;,&quot;credit&quot;:&quot;&quot;,&quot;camera&quot;:&quot;&quot;,&quot;caption&quot;:&quot;&quot;,&quot;created_timestamp&quot;:&quot;0&quot;,&quot;copyright&quot;:&quot;&quot;,&quot;focal_length&quot;:&quot;0&quot;,&quot;iso&quot;:&quot;0&quot;,&quot;shutter_speed&quot;:&quot;0&quot;,&quot;title&quot;:&quot;&quot;,&quot;orientation&quot;:&quot;1&quot;}\" data-image-title=\"Dra\" data-image-description=\"\" data-medium-file=\"https:\/\/i1.wp.com\/www.celiacscatalunya.org\/blog\/wp-content\/uploads\/2025\/03\/Dra.jpg?fit=225%2C300&amp;ssl=1\" data-large-file=\"https:\/\/i1.wp.com\/www.celiacscatalunya.org\/blog\/wp-content\/uploads\/2025\/03\/Dra.jpg?fit=616%2C821&amp;ssl=1\" decoding=\"async\" loading=\"lazy\" class=\"alignleft wp-image-1573 size-medium\" src=\"https:\/\/i1.wp.com\/www.celiacscatalunya.org\/blog\/wp-content\/uploads\/2025\/03\/Dra.jpg?resize=225%2C300&#038;ssl=1\" alt=\"\" width=\"225\" height=\"300\" srcset=\"https:\/\/i1.wp.com\/www.celiacscatalunya.org\/blog\/wp-content\/uploads\/2025\/03\/Dra.jpg?resize=225%2C300&amp;ssl=1 225w, https:\/\/i1.wp.com\/www.celiacscatalunya.org\/blog\/wp-content\/uploads\/2025\/03\/Dra.jpg?resize=768%2C1024&amp;ssl=1 768w, https:\/\/i1.wp.com\/www.celiacscatalunya.org\/blog\/wp-content\/uploads\/2025\/03\/Dra.jpg?resize=1152%2C1536&amp;ssl=1 1152w, https:\/\/i1.wp.com\/www.celiacscatalunya.org\/blog\/wp-content\/uploads\/2025\/03\/Dra.jpg?resize=816%2C1088&amp;ssl=1 816w, https:\/\/i1.wp.com\/www.celiacscatalunya.org\/blog\/wp-content\/uploads\/2025\/03\/Dra.jpg?w=1200&amp;ssl=1 1200w\" sizes=\"(max-width: 225px) 100vw, 225px\" data-recalc-dims=\"1\" \/>La Dra. Montserrat Montraveta du a terme una tasca assistencial, investigadora i tamb\u00e9 docent.\u00a0A la Unitat de Gastroenterologia,\u00a0Hepatologia i Nutrici\u00f3 Pedi\u00e0trica de l\u2019Hospital Germans Trias i Pujol reben infants\u00a0sense diagn\u00f2stic\u00a0o b\u00e9 ja amb sospita diagn\u00f2stica de malaltia cel\u00edaca. A la <strong>consulta<\/strong> acaba\u00a0de fer un diagn\u00f2stic acurat, un estudi en familiars de primer grau i\u00a0aporta consells sobre la\u00a0 dieta sense gluten. Per la part\u00a0 <strong>investigadora<\/strong>, col\u00b7labora\u00a0en alguns estudis\u00a0sobre malaltia cel\u00edaca juntament amb el servi d&#8217;immunologia,\u00a0i tamb\u00e9 realitza estudis sobre l&#8217;impacte\u00a0de la\u00a0malaltia cel\u00edaca i la\u00a0qualitat de vida dels infants amb celiaquia a Catalunya i les seves fam\u00edlies.\u00a0En <strong>l\u2019\u00e0mbit docent<\/strong>, fa classes sobre patologia\u00a0digestiva pedi\u00e0trica\u00a0(entre elles la malaltia cel\u00edaca)\u00a0al grau de medicina\u00a0de la UAB i ha participat en diverses activitats organitzades\u00a0per l&#8217;Associaci\u00f3 Cel\u00edacs de Catalunya.<\/p>\n<blockquote>\n<p><em>\u201cM&#8217;omple poder donar un diagn\u00f2stic i una resposta a les preguntes dels pares quan acudeixen a la consulta. Quan donem el diagn\u00f2stic, sorgeixen molts dubtes sobre la gravetat, el tractament, la cronicitat de la malaltia, el risc d&#8217;associaci\u00f3 amb altres malalties autoimmunes&#8230; M\u2019agrada poder donar una soluci\u00f3 al seu problema, explicar qu\u00e8 vol dir tenir celiaquia, la dieta sense gluten i la import\u00e0ncia que t\u00e9 en l&#8217;evoluci\u00f3 de la celiaquia. Que els pares i els pacients em tinguin confian\u00e7a i em preguntin els seus dubtes i, sense dubte, el que m\u00e9s m&#8217;emociona \u00e9s quan els dono d&#8217;alta despr\u00e9s d&#8217;anys de portar-los a la consultes\u00a0 i m&#8217;agraeixen l&#8217;accessibilitat i el suport que els hi hem donat. Que un infant amb celiaquia arribi a l&#8217;edat adulta amb una bona acceptaci\u00f3 de la seva condici\u00f3, amb una\u00a0 bona acceptaci\u00f3 tamb\u00e9 de la dieta sense gluten i amb bona qualitat de vida, \u00e9s el que m\u00e9s feli\u00e7 em fa.\u201d<\/em><\/p>\n<\/blockquote>\n<p><strong>Gentzane Carbajo, <\/strong>doctora en psicologia, membre de l&#8217;equip de Consultes Externes del Centre MQ Reus i responsable de Gesti\u00f3 del Coneixement.<\/p>\n<p><img data-attachment-id=\"1572\" data-permalink=\"https:\/\/www.celiacscatalunya.org\/blog\/dones-que-lluiten-pel-collectiu-amb-celiaquia\/whatsapp-image-2025-03-05-at-08-26-53\/\" data-orig-file=\"https:\/\/i1.wp.com\/www.celiacscatalunya.org\/blog\/wp-content\/uploads\/2025\/03\/WhatsApp-Image-2025-03-05-at-08.26.53.jpeg?fit=246%2C339&amp;ssl=1\" data-orig-size=\"246,339\" data-comments-opened=\"1\" data-image-meta=\"{&quot;aperture&quot;:&quot;0&quot;,&quot;credit&quot;:&quot;&quot;,&quot;camera&quot;:&quot;&quot;,&quot;caption&quot;:&quot;&quot;,&quot;created_timestamp&quot;:&quot;0&quot;,&quot;copyright&quot;:&quot;&quot;,&quot;focal_length&quot;:&quot;0&quot;,&quot;iso&quot;:&quot;0&quot;,&quot;shutter_speed&quot;:&quot;0&quot;,&quot;title&quot;:&quot;&quot;,&quot;orientation&quot;:&quot;1&quot;}\" data-image-title=\"WhatsApp Image 2025-03-05 at 08.26.53\" data-image-description=\"\" data-medium-file=\"https:\/\/i1.wp.com\/www.celiacscatalunya.org\/blog\/wp-content\/uploads\/2025\/03\/WhatsApp-Image-2025-03-05-at-08.26.53.jpeg?fit=218%2C300&amp;ssl=1\" data-large-file=\"https:\/\/i1.wp.com\/www.celiacscatalunya.org\/blog\/wp-content\/uploads\/2025\/03\/WhatsApp-Image-2025-03-05-at-08.26.53.jpeg?fit=246%2C339&amp;ssl=1\" decoding=\"async\" loading=\"lazy\" class=\"alignleft wp-image-1572 size-medium\" src=\"https:\/\/i1.wp.com\/www.celiacscatalunya.org\/blog\/wp-content\/uploads\/2025\/03\/WhatsApp-Image-2025-03-05-at-08.26.53.jpeg?resize=218%2C300&#038;ssl=1\" alt=\"\" width=\"218\" height=\"300\" srcset=\"https:\/\/i1.wp.com\/www.celiacscatalunya.org\/blog\/wp-content\/uploads\/2025\/03\/WhatsApp-Image-2025-03-05-at-08.26.53.jpeg?resize=218%2C300&amp;ssl=1 218w, https:\/\/i1.wp.com\/www.celiacscatalunya.org\/blog\/wp-content\/uploads\/2025\/03\/WhatsApp-Image-2025-03-05-at-08.26.53.jpeg?w=246&amp;ssl=1 246w\" sizes=\"(max-width: 218px) 100vw, 218px\" data-recalc-dims=\"1\" \/>La Gentzane Carbajo \u00e9s doctora en psicologia. Fa 32 anys va visitar a la seva primera pacient amb diagn\u00f2stic de celiaquia, quan en aquell moment aquesta malaltia no tenia tanta visibilitat com ara. La seva tasca \u00e9s ajudar perqu\u00e8 la persona (adulta, adolescent, nen o nena) i la fam\u00edlia puguin digerir l\u2019impacte del diagn\u00f2stic. I, despr\u00e9s, que aprenguin a gestionar les emocions que els genera i que aquestes emocions interfereixin el m\u00ednim possible en la presa de decisions que exigeix una malaltia autoimmune que, com a \u00fanic tractament, de moment, requereix una adher\u00e8ncia impecable a la dieta sense gluten, afectant majorit\u00e0riament les dones.<\/p>\n<blockquote>\n<p><em>\u201cLa meva professi\u00f3 m\u2019encanta, em sento molt privilegiada de poder gaudir del meu treball. La carrera que vaig triar em va permetre accedir al m\u00f3n sanitari i desenvolupar-me com a professional de la salut mental. Dins de les meves tasques, l\u2019acompanyament professional a les persones amb celiaquia ha estat molt enriquidor. Entendre la malaltia que t\u00e9 una persona, les seves implicacions i poder ajudar a gestionar les conseq\u00fc\u00e8ncies\u201d<\/em><\/p>\n<\/blockquote>\n<p><strong>Dra. Conchita N\u00fanez,<\/strong> doctora en Ci\u00e8ncies Biol\u00f2giques a la Universitat de Santiago de Compostela. Presidenta de la Sociedad Espa\u00f1ola de la Enfermedad Cel\u00edaca (SEEC).<\/p>\n<p><img data-attachment-id=\"1570\" data-permalink=\"https:\/\/www.celiacscatalunya.org\/blog\/dones-que-lluiten-pel-collectiu-amb-celiaquia\/doctora_\/\" data-orig-file=\"https:\/\/i2.wp.com\/www.celiacscatalunya.org\/blog\/wp-content\/uploads\/2025\/03\/doctora_-scaled.jpg?fit=1920%2C2560&amp;ssl=1\" data-orig-size=\"1920,2560\" data-comments-opened=\"1\" data-image-meta=\"{&quot;aperture&quot;:&quot;1.6&quot;,&quot;credit&quot;:&quot;&quot;,&quot;camera&quot;:&quot;iPhone 12&quot;,&quot;caption&quot;:&quot;&quot;,&quot;created_timestamp&quot;:&quot;1728559419&quot;,&quot;copyright&quot;:&quot;&quot;,&quot;focal_length&quot;:&quot;4.2&quot;,&quot;iso&quot;:&quot;400&quot;,&quot;shutter_speed&quot;:&quot;0.02&quot;,&quot;title&quot;:&quot;&quot;,&quot;orientation&quot;:&quot;1&quot;}\" data-image-title=\"doctora_\" data-image-description=\"\" data-medium-file=\"https:\/\/i2.wp.com\/www.celiacscatalunya.org\/blog\/wp-content\/uploads\/2025\/03\/doctora_-scaled.jpg?fit=225%2C300&amp;ssl=1\" data-large-file=\"https:\/\/i2.wp.com\/www.celiacscatalunya.org\/blog\/wp-content\/uploads\/2025\/03\/doctora_-scaled.jpg?fit=616%2C821&amp;ssl=1\" decoding=\"async\" loading=\"lazy\" class=\"alignleft wp-image-1570 size-medium\" src=\"https:\/\/i2.wp.com\/www.celiacscatalunya.org\/blog\/wp-content\/uploads\/2025\/03\/doctora_.jpg?resize=225%2C300&#038;ssl=1\" alt=\"\" width=\"225\" height=\"300\" srcset=\"https:\/\/i2.wp.com\/www.celiacscatalunya.org\/blog\/wp-content\/uploads\/2025\/03\/doctora_-scaled.jpg?resize=225%2C300&amp;ssl=1 225w, https:\/\/i2.wp.com\/www.celiacscatalunya.org\/blog\/wp-content\/uploads\/2025\/03\/doctora_-scaled.jpg?resize=768%2C1024&amp;ssl=1 768w, https:\/\/i2.wp.com\/www.celiacscatalunya.org\/blog\/wp-content\/uploads\/2025\/03\/doctora_-scaled.jpg?resize=1152%2C1536&amp;ssl=1 1152w, https:\/\/i2.wp.com\/www.celiacscatalunya.org\/blog\/wp-content\/uploads\/2025\/03\/doctora_-scaled.jpg?resize=1536%2C2048&amp;ssl=1 1536w, https:\/\/i2.wp.com\/www.celiacscatalunya.org\/blog\/wp-content\/uploads\/2025\/03\/doctora_-scaled.jpg?resize=816%2C1088&amp;ssl=1 816w, https:\/\/i2.wp.com\/www.celiacscatalunya.org\/blog\/wp-content\/uploads\/2025\/03\/doctora_-scaled.jpg?w=1920&amp;ssl=1 1920w, https:\/\/i2.wp.com\/www.celiacscatalunya.org\/blog\/wp-content\/uploads\/2025\/03\/doctora_-scaled.jpg?w=1232&amp;ssl=1 1232w, https:\/\/i2.wp.com\/www.celiacscatalunya.org\/blog\/wp-content\/uploads\/2025\/03\/doctora_-scaled.jpg?w=1848&amp;ssl=1 1848w\" sizes=\"(max-width: 225px) 100vw, 225px\" data-recalc-dims=\"1\" \/>La Dra. N\u00fa\u00f1ez centra la seva feina en el desenvolupament d\u2019investigacions destinades a aprofundir en les bases moleculars i gen\u00e8tiques de la malaltia cel\u00edaca, alhora que busca eines per felicitar el diagn\u00f2stic, especialment en pacients amb caracter\u00edstiques menys freq\u00fcents a la malaltia que poden tardar anys a rebre un diagn\u00f2stic definitiu. Tamb\u00e9 du a terme una intensa tasca de difusi\u00f3, tant per a professionals especialitzats com per a pacients i p\u00fablic general.<\/p>\n<blockquote>\n<p><em>\u201c\u00c9s molt satisfactori sentir l\u2019agra\u00efment dels pacients. Quan arriben sense diagn\u00f2stic i t\u2019expliquen el llarg cam\u00ed que han recorregut, poder oferir-los una eina que aporti una mica de llum sobre qu\u00e8 els passa, sense dubte, \u00e9s el que m\u00e9s m\u2019omple. M\u2019encanta saber que el que faig t\u00e9 un impacte directe en millorar la qualitat de vida de les persones.\u201d<\/em><\/p>\n<\/blockquote>\n<p><strong>Dra. Gemma Castillejo<\/strong>, metgessa pediatra especialitzada en gastroenterologia, hepatologia i nutrici\u00f3 pedi\u00e0trica a l&#8217;Hospital Universitari Sant Joan de Reus.<\/p>\n<p><img data-attachment-id=\"1569\" data-permalink=\"https:\/\/www.celiacscatalunya.org\/blog\/dones-que-lluiten-pel-collectiu-amb-celiaquia\/darrera\/\" data-orig-file=\"https:\/\/i2.wp.com\/www.celiacscatalunya.org\/blog\/wp-content\/uploads\/2025\/03\/darrera.png?fit=313%2C249&amp;ssl=1\" data-orig-size=\"313,249\" data-comments-opened=\"1\" data-image-meta=\"{&quot;aperture&quot;:&quot;0&quot;,&quot;credit&quot;:&quot;&quot;,&quot;camera&quot;:&quot;&quot;,&quot;caption&quot;:&quot;&quot;,&quot;created_timestamp&quot;:&quot;0&quot;,&quot;copyright&quot;:&quot;&quot;,&quot;focal_length&quot;:&quot;0&quot;,&quot;iso&quot;:&quot;0&quot;,&quot;shutter_speed&quot;:&quot;0&quot;,&quot;title&quot;:&quot;&quot;,&quot;orientation&quot;:&quot;0&quot;}\" data-image-title=\"darrera\" data-image-description=\"\" data-medium-file=\"https:\/\/i2.wp.com\/www.celiacscatalunya.org\/blog\/wp-content\/uploads\/2025\/03\/darrera.png?fit=300%2C239&amp;ssl=1\" data-large-file=\"https:\/\/i2.wp.com\/www.celiacscatalunya.org\/blog\/wp-content\/uploads\/2025\/03\/darrera.png?fit=313%2C249&amp;ssl=1\" decoding=\"async\" loading=\"lazy\" class=\"alignleft wp-image-1569 size-medium\" src=\"https:\/\/i2.wp.com\/www.celiacscatalunya.org\/blog\/wp-content\/uploads\/2025\/03\/darrera.png?resize=300%2C239&#038;ssl=1\" alt=\"\" width=\"300\" height=\"239\" srcset=\"https:\/\/i2.wp.com\/www.celiacscatalunya.org\/blog\/wp-content\/uploads\/2025\/03\/darrera.png?resize=300%2C239&amp;ssl=1 300w, https:\/\/i2.wp.com\/www.celiacscatalunya.org\/blog\/wp-content\/uploads\/2025\/03\/darrera.png?w=313&amp;ssl=1 313w\" sizes=\"(max-width: 300px) 100vw, 300px\" data-recalc-dims=\"1\" \/>Com a <strong>metgessa pediatra<\/strong>, la Dra Castillejo comen\u00e7a el primer contacte amb els pacients i les seves fam\u00edlies amb l&#8217;explicaci\u00f3 de qu\u00e8 \u00e9s la malaltia, amb calma, ja que si els pacients entenen qu\u00e8 els passa i per qu\u00e8 \u00e9s tan important el seguiment estricte de la dieta, tot \u00e9s molt m\u00e9s f\u00e0cil posteriorment. Mira d\u2019ajudar a entendre la malaltia des d\u2019un punt de vista pr\u00e0ctic i real, oferint pautes de seguiment, consells de prevenci\u00f3 i un acompanyament continuat per donar seguretat al pacient.<\/p>\n<p>A nivell <strong>docent<\/strong>, \u00e9s professora associada a la Universitat Rovira i Virgilil. Per altra banda, fa una gran tasca de <strong>divulgaci\u00f3 i conscienciaci\u00f3<\/strong>, ja sigui participant en xerrades, reunions o congressos.<\/p>\n<p>\u00c9s membre de la Junta Directiva de l\u2019Associaci\u00f3 Cel\u00edacs de Catalunya des de fa uns anys, treballant en projectes i iniciatives que millorin el dia a dia de les persones amb celiaquia. Tamb\u00e9 participa en estudis tant a nivell espanyol com europeu i juntament amb la Sociedad Espa\u00f1ola de Enfermedad Cel\u00edaca, de la que \u00e9s vicepresidenta, treballa amb l&#8217;objectiu de centralitzar el diagn\u00f2stic i seguiment dels pacients mitjan\u00e7ant Unitats Altament Qualificades.<\/p>\n<blockquote>\n<p><em>\u201cEl que m\u00e9s m&#8217;agrada de la meva feina com a metgessa especialitzada en malaltia cel\u00edaca \u00e9s veure com, amb un diagn\u00f2stic encertat i un seguiment m\u00e8dic correcte, la vida dels pacients pot fer un gir de 180 graus. M\u2019encanta quan m\u2019expliquen que els seus problemes de salut i s\u00edmptomes, que potser feia molt de temps que patien, s&#8217;han resolt despr\u00e9s d&#8217;iniciar la dieta sense gluten. Tamb\u00e9 quan la millora no \u00e9s tan espectacular, ja que l&#8217;acompanyament dels pacients \u00e9s encara m\u00e9s important en aquests casos. Em motiva especialment comprovar com la comunicaci\u00f3 propera i sense formalismes excessius amb el pacient ajuda a resoldre dubtes, dissipar temors i trencar falsos mites. Ajudar-los a entendre de veritat la seva situaci\u00f3 i oferir eines pr\u00e0ctiques \u00e9s fonamental per fer-los sentir segurs i acompanyats. Al cap i a la fi, no hi ha res m\u00e9s gratificant que saber que est\u00e0s contribuint a millorar la qualitat de vida d\u2019alg\u00fa i a donar-li la tranquil\u00b7litat que necessita per viure sense limitacions innecess\u00e0ries.\u201d<\/em><\/p>\n<\/blockquote>\n","protected":false},"excerpt":{"rendered":"<p>Volem aprofitar el Dia Internacional de la Dona, 8 de mar\u00e7, per parlar-te de dones implicades amb el col\u00b7lectiu amb celiaquia, ja siguin investigadores, doctores, etc. Esperem que t\u2019inspirin tant com a nosaltres! Dra. Gemma Ib\u00e1\u00f1ez, metgessa especialista en aparell digestiu, PhD La Dra. Ib\u00e1\u00f1ez \u00e9s una metgessa especialista en l\u2019aparell digestiu, la malaltia cel\u00edaca [&hellip;]<\/p>\n","protected":false},"author":6,"featured_media":1577,"comment_status":"open","ping_status":"closed","sticky":false,"template":"","format":"standard","meta":{"spay_email":"","jetpack_publicize_message":""},"categories":[22,84,100],"tags":[],"jetpack_featured_media_url":"https:\/\/i0.wp.com\/www.celiacscatalunya.org\/blog\/wp-content\/uploads\/2025\/03\/Dise\u00f1o-sin-t\u00edtulo-2.jpg?fit=1290%2C1080&ssl=1","jetpack_publicize_connections":[],"jetpack_sharing_enabled":true,"jetpack_shortlink":"https:\/\/wp.me\/p9jMUf-pi","jetpack-related-posts":[],"_links":{"self":[{"href":"https:\/\/www.celiacscatalunya.org\/blog\/wp-json\/wp\/v2\/posts\/1568"}],"collection":[{"href":"https:\/\/www.celiacscatalunya.org\/blog\/wp-json\/wp\/v2\/posts"}],"about":[{"href":"https:\/\/www.celiacscatalunya.org\/blog\/wp-json\/wp\/v2\/types\/post"}],"author":[{"embeddable":true,"href":"https:\/\/www.celiacscatalunya.org\/blog\/wp-json\/wp\/v2\/users\/6"}],"replies":[{"embeddable":true,"href":"https:\/\/www.celiacscatalunya.org\/blog\/wp-json\/wp\/v2\/comments?post=1568"}],"version-history":[{"count":7,"href":"https:\/\/www.celiacscatalunya.org\/blog\/wp-json\/wp\/v2\/posts\/1568\/revisions"}],"predecessor-version":[{"id":1583,"href":"https:\/\/www.celiacscatalunya.org\/blog\/wp-json\/wp\/v2\/posts\/1568\/revisions\/1583"}],"wp:featuredmedia":[{"embeddable":true,"href":"https:\/\/www.celiacscatalunya.org\/blog\/wp-json\/wp\/v2\/media\/1577"}],"wp:attachment":[{"href":"https:\/\/www.celiacscatalunya.org\/blog\/wp-json\/wp\/v2\/media?parent=1568"}],"wp:term":[{"taxonomy":"category","embeddable":true,"href":"https:\/\/www.celiacscatalunya.org\/blog\/wp-json\/wp\/v2\/categories?post=1568"},{"taxonomy":"post_tag","embeddable":true,"href":"https:\/\/www.celiacscatalunya.org\/blog\/wp-json\/wp\/v2\/tags?post=1568"}],"curies":[{"name":"wp","href":"https:\/\/api.w.org\/{rel}","templated":true}]}}