{"id":1627,"date":"2025-10-29T14:09:16","date_gmt":"2025-10-29T13:09:16","guid":{"rendered":"https:\/\/www.celiacscatalunya.org\/blog\/?p=1627"},"modified":"2025-10-29T14:22:38","modified_gmt":"2025-10-29T13:22:38","slug":"es-mes-saludable-menjar-sense-gluten","status":"publish","type":"post","link":"https:\/\/www.celiacscatalunya.org\/blog\/es-mes-saludable-menjar-sense-gluten\/","title":{"rendered":"\u00c9s m\u00e9s saludable menjar sense gluten?"},"content":{"rendered":"\n<p>En els darrers anys, milers de persones han fet el pas cap a una dieta sense gluten (DSG) conven\u00e7udes que \u00e9s m\u00e9s saludable. Per\u00f2 quan mirem de prop qu\u00e8 canvia en el seu dia a dia, sol apar\u00e8ixer el mateix patr\u00f3: menys ultraprocessats, m\u00e9s cuina casolana, m\u00e9s fibra i aliments frescos. Aquest gir de qualitat explica bona part de l\u2019alleujament digestiu que molts anomenen \u201cdesinflamaci\u00f3\u201d.<\/p>\n<p>La ci\u00e8ncia, a m\u00e9s, posa nom i cognoms al que passa: <strong>els fructans (<a href=\"https:\/\/www.saludigestivo.es\/wp-content\/uploads\/2020\/02\/Af-fodmap-infografia-min.pdf\">FODMAPs<\/a>)<\/strong> presents en pans i brioixeria industrial desencadenen s\u00edmptomes amb m\u00e9s freq\u00fc\u00e8ncia que el mateix gluten en persones que s\u2019autoidentifiquen com a \u201csensibles\u201d (1). Ara b\u00e9, no tot s\u00f3n FODMAPs: s\u00edmptomes com inflor, dolor o diarrea tamb\u00e9 poden deure\u2019s a la mateixa <strong>celiaquia<\/strong> (que cal descartar abans de comen\u00e7ar una dieta sense gluten), <strong>al\u00b7l\u00e8rgia al blat<\/strong>, <strong>sensibilitat al gluten\/blat no cel\u00edaca<\/strong> (SGNC), <strong>s\u00edndrome d\u2019intest\u00ed irritable<\/strong> (SII), <strong>SIBO<\/strong>, <strong>malabsorci\u00f3 de sals biliars<\/strong>, <strong>intoler\u00e0ncia a la lactosa o a la fructosa<\/strong>, <strong>malaltia inflamat\u00f2ria intestinal<\/strong>, <strong>disp\u00e8psia funcional o reflux<\/strong>. Fins i tot <strong>l\u2019estr\u00e8s i patrons d\u2019alimentaci\u00f3 irregulars<\/strong> poden influir. Per complicar-ho, <strong>l\u2019efecte expectativa o nocebo<\/strong> tamb\u00e9 hi juga: creure que s\u2019est\u00e0 prenent gluten pot augmentar els s\u00edmptomes encara que el producte sigui placebo (2).<\/p>\n<p>Aquest article repassa, amb evid\u00e8ncia actualitzada, quan t\u00e9 sentit retirar el gluten i quan no: si la dieta sense gluten \u00e9s \u201cm\u00e9s sana\u201d per defecte (no ho \u00e9s), com actuar si sospites que tens celiaquia o sensibilitat al blat\/gluten, qu\u00e8 diu l\u2019evid\u00e8ncia en esport d\u2019elit, si el blat modern cont\u00e9 realment m\u00e9s gluten i qu\u00e8 sabem sobre fertilitzants i pesticides. L\u2019objectiu: ajudar-te a prendre decisions informades, evitar mancances i posar el focus on realment marca la difer\u00e8ncia, la qualitat global de la teva alimentaci\u00f3.<\/p>\n<p><strong>\u00a0<\/strong><\/p>\n<p><strong>Per qu\u00e8 tanta gent diu \u201cem sento millor menjant sense gluten\u201d?<\/strong><\/p>\n<p>La millora en la simptomatologia d\u2019inflamaci\u00f3 digestiva sol venir del canvi de patr\u00f3 alimentari: en <strong>centrar-se en aliments frescos, fibra de qualitat i cuina casolana, millora el benestar general no pel gluten en si, sin\u00f3 per menjar millor<\/strong>. De fet, en estudis comparatius, una <strong>dieta mediterr\u00e0nia<\/strong> ben feta <strong>supera<\/strong> una dieta sense gluten en marcadors d\u2019estr\u00e8s oxidatiu en persones amb patologia tiroidal autoimmune. A m\u00e9s, en \u201ctreure el gluten\u201d, moltes persones <strong>redueixen els ultraprocessats<\/strong>; pans i brioixeria industrial s\u00f3n rics en <strong>fructans (FODMAPs)<\/strong> (1).\u00a0<\/p>\n<p>Per tant, una dieta sense gluten no \u00e9s \u201cm\u00e9s sana\u201d per defecte en la poblaci\u00f3 general.<\/p>\n<p><strong>Una dieta sense gluten basada en productes processats sense gluten mai no ser\u00e0 m\u00e9s saludable que la seva equivalent amb gluten<\/strong>. Les revisions informen que la dieta sense gluten sostinguda en ultraprocessats de baixa qualitat i sense supervisi\u00f3 poden comportar defici\u00e8ncies de vitamines i minerals (vitamina D o E, calci, ferro, folat o B12). En canvi, planificar la dieta sense gluten amb un dietista-nutricionista pot millorar la qualitat global de la dieta i disminuir les defici\u00e8ncies nutricionals.<\/p>\n<p>\u00a0<\/p>\n<p><strong>I si soc cel\u00edac sense diagnosticar\u2026 o sensible al gluten\/blat?<\/strong><\/p>\n<p>La literatura cient\u00edfica assenyala que algunes persones que milloren amb una dieta sense gluten podrien ser cel\u00edaques no diagnosticades o tenir sensibilitat al gluten\/blat no cel\u00edaca (SGNC). Per aix\u00f2 \u00e9s molt important no iniciar la dieta abans de fer les proves diagn\u00f2stiques, ja que, en cas contrari, el diagn\u00f2stic es complica notablement.<\/p>\n<p>Aix\u00ed i tot, equips d\u2019investigaci\u00f3 com el del doctor Sergio Farrais a Madrid estan treballant actualment en m\u00e8todes diagn\u00f2stics que, despr\u00e9s d\u2019una reintroducci\u00f3 breu de gluten (3-10 dies), mesuren marcadors espec\u00edfics d\u2019inflamaci\u00f3 relacionats amb la malaltia cel\u00edaca i ajuden a orientar el diagn\u00f2stic sense exposicions prolongades (3).<\/p>\n<p>\u00a0<\/p>\n<p><strong>Hi ha un corrent de professionals que recomana als esportistes d\u2019elit deixar el gluten. Aix\u00f2 t\u00e9 evid\u00e8ncia cient\u00edfica?<\/strong><\/p>\n<p>No de manera general: si no hi ha celiaquia, al\u00b7l\u00e8rgia o sensibilitat al gluten\/blat no cel\u00edaca (SGNC), la retirada del gluten no tindria base cient\u00edfica. Per exemple, en un estudi amb ciclistes no cel\u00edacs, una dieta sense gluten no va millorar el rendiment, els marcadors d\u2019inflamaci\u00f3 ni el benestar en comparaci\u00f3 amb una dieta amb gluten.<\/p>\n<p>Tamb\u00e9 conclouen que, en atletes amb mol\u00e8sties digestives, sol ser m\u00e9s \u00fatil modular la ingesta de FODMAPs al voltant de la competici\u00f3 que no pas eliminar el gluten per se. (4)<\/p>\n<p>\u00a0<\/p>\n<p><strong>El blat actual t\u00e9 m\u00e9s gluten que el blat antic?<\/strong><\/p>\n<p>La recerca no mostra que els blats moderns tinguin m\u00e9s gluten ni que siguin m\u00e9s t\u00f2xics. El que ha canviat sobretot \u00e9s la composici\u00f3 de les prote\u00efnes, fruit de la selecci\u00f3 de varietats per millorar el rendiment i el pa (5) (6). Tamb\u00e9 hi ha molta variabilitat entre camps i collites: el s\u00f2l, el clima o l\u2019adob poden fer pujar o baixar la prote\u00efna sense que aix\u00f2 signifiqui m\u00e9s risc o m\u00e9s t\u00f2xic. Remarquem que a nivell digestiu, el que m\u00e9s pes t\u00e9 \u00e9s com i qu\u00e8 menja una persona sana: el pa integral sol tenir mes beneficis que el refinat, quantitat i freq\u00fc\u00e8ncia de consum de fibra i sucres, tipus de fermentaci\u00f3 (les masses mare llargues solen posar-se millor) i la resta del patr\u00f3 alimentari.<\/p>\n<p>\u00a0<\/p>\n<p><strong>Les llavors estan modificades gen\u00e8ticament?<\/strong><\/p>\n<p>A la UE no es cultiva blat modificat gen\u00e8ticament. Les varietats cultivades actualment provenen sobretot de encreuaments i selecci\u00f3 cl\u00e0ssics. Ara b\u00e9, la recerca en edici\u00f3 g\u00e8nica i altres t\u00e8cniques de millora avan\u00e7a r\u00e0pidament i, si en el futur s\u2019incorporessin al camp amb una bona avaluaci\u00f3 de seguretat i qualitat, podrien fins i tot reduir la immunogenicitat d\u2019algunes varietats de blat (per exemple, disminuint determinats ep\u00edtops t\u00f2xics). Aix\u00f2 fa que la modificaci\u00f3 g\u00e8nica pugui ser una bona eina futura, sense necessitat de \u201cdemonitzar-la\u201d, el seu impacte dep\u00e8n de com i per a qu\u00e8 s\u2019empren. (7)<\/p>\n<p>\u00a0<\/p>\n<p><strong>Els fertilitzants i els pesticides augmenten la inflamaci\u00f3 intestinal?<\/strong><\/p>\n<p>Pel que fa als fitosanitaris, els residus en aliments estan regulats per l\u00edmits m\u00e0xims de residus (LMR). Amb els usos autoritzats a la UE, l&#8217;Ag\u00e8ncia Europea de Seguretat Aliment\u00e0ria (EFSA) no ha identificat \u00e0rees cr\u00edtiques de preocupaci\u00f3 a les seves darreres revisions. Aix\u00f2 no equival a risc zero, per\u00f2 amb l\u2019evid\u00e8ncia disponible no s\u2019ha demostrat inflamaci\u00f3 intestinal en humans per residus dins dels l\u00edmits. (8)<\/p>\n<p><strong>\u00a0<\/strong><\/p>\n<p><strong>Conclusi\u00f3<\/strong><br \/>L\u2019evid\u00e8ncia indica que la dieta sense gluten \u00e9s imprescindible en la <strong>celiaquia<\/strong> i l\u2019<strong>al\u00b7l\u00e8rgia al blat<\/strong>, per\u00f2 no aporta beneficis de salut per si mateixa en persones sanes. Moltes d\u2019aquestes millores percebudes s\u2019expliquen per <strong>menjar menys ultraprocessats<\/strong> o<strong> reduir el consum de FODMAPs<\/strong> (no pas pel gluten en si). Abans de retirar el gluten, conv\u00e9 <strong>descartar la celiaquia<\/strong> i valorar altres causes dels s\u00edmptomes; a m\u00e9s, en <strong>esportistes sense diagn\u00f2stic<\/strong>, eliminar-lo <strong>no millora el rendiment<\/strong>. El <strong>blat modern<\/strong> no cont\u00e9 m\u00e9s gluten que l\u2019antic i, dins dels <strong>l\u00edmits autoritzats<\/strong>, els <strong>residus de fitosanitaris<\/strong> no han demostrat causar inflamaci\u00f3 intestinal en humans.<\/p>\n<p>A l\u2019Associaci\u00f3 Cel\u00edacs de Catalunya promovem decisions basades en l\u2019evid\u00e8ncia i adaptades a cada persona: si sospites que el gluten se\u2019t posa malament, no t\u2019autodiagnostiquis; contacta amb nosaltres i t&#8217;orientarem al tipus de professional que podria estudiar el teu cas i t&#8217;ajudar\u00e0 a evitar car\u00e8ncies i construir una alimentaci\u00f3 que millori la teva qualitat de vida.<\/p>\n<p><a href=\"mailto:info@celiacscatalunya.org\"><strong>info@celiacscatalunya.org<\/strong><\/a>\u00a0 &#8211; <strong>93 412 17 89<\/strong><\/p>\n<p>\u00a0<\/p>\n<p><strong>Autor:<\/strong> Crist\u00f3bal P\u00e9rez Sixto. Responsable del Departament T\u00e8cnic de l\u2019Associaci\u00f3 Cel\u00edacs de Catalunya.<\/p>\n<p><strong>\u00a0<\/strong><\/p>\n<p><strong>Bibliograf\u00eda:<br \/><\/strong><br \/>(1) Skodje, G. I., Sarna, V. K., Minelle, I. H., Rolfsen, K. L., Muir, J. G., Gibson, P. R., Veier\u00f8d, M. B., &amp; Lundin, K. E. A. (2018). <em>Fructan, rather than gluten, induces symptoms in patients with self-reported non-celiac gluten sensitivity<\/em>. Gastroenterology, 154(3), 529\u2013539.e2. <a href=\"https:\/\/doi.org\/10.1053\/j.gastro.2017.10.040\">https:\/\/doi.org\/10.1053\/j.gastro.2017.10.040<\/a><\/p>\n<p>(2) de Graaf, M. C. G., Hassing, C., et al. (2024). <em>The effect of expectancy versus actual gluten intake on gastrointestinal and extra-intestinal symptoms in non-coeliac gluten sensitivity: A randomised, double-blind, placebo-controlled, international, multicentre study<\/em>. The Lancet Gastroenterology &amp; Hepatology, 9(2), 110\u2013123. <a href=\"https:\/\/doi.org\/10.1016\/S2468-1253(23)00317-5\">https:\/\/doi.org\/10.1016\/S2468-1253(23)00317-5<\/a><\/p>\n<p>(3) G\u00f3mez-Aguililla, S., Farrais, S., L\u00f3pez-Palacios, N. et al. (2025) <em>Diagnosis of celiac disease on a gluten-free diet: a multicenter prospective quasi-experimental clinical study<\/em>. BMC Med 23, 182. <a href=\"https:\/\/doi.org\/10.1186\/s12916-025-04008-y\">https:\/\/doi.org\/10.1186\/s12916-025-04008-y<\/a><\/p>\n<p>(4) Lis, D., Stellingwerff, T., Fell, J., Kitic, C., &amp; Ahuja, K. (2015). No effect of gluten-free diets on performance, gastrointestinal health or wellbeing in non-coeliac endurance athletes. Journal of Science and Medicine in Sport, 19, e91. <a href=\"https:\/\/doi.org\/10.1016\/j.jsams.2015.12.352\">https:\/\/doi.org\/10.1016\/j.jsams.2015.12.352<\/a><\/p>\n<p>(5) Brouns, F., Geisslitz, S., Guzman, C., Ikeda, T.M., Arzani, A., Latella, G.,\u00a0 et al (2022) <em>Do ancient wheats contain less gluten than modern bread wheat, in favour of\u00a0 better health?<\/em> Nutrition Bulletin, 47, 157\u2013 167. Available from: <a href=\"https:\/\/doi.org\/10.1111\/nbu.1255\">https:\/\/doi.org\/10.1111\/nbu.1255<\/a><\/p>\n<p>(6) Gim\u00e9nez, M. J., &amp; Barro, F. (2013). Variedades de trigo aptas para cel\u00edacos. En L. Rodrigo &amp; A. S. Pe\u00f1a (Eds.), <em>Enfermedad cel\u00edaca y sensibilidad al gluten no cel\u00edaca<\/em> (pp. 463\u2013477). OmniaScience. <a href=\"https:\/\/doi.org\/10.3926\/oms.140\">https:\/\/doi.org\/10.3926\/oms.140<\/a><\/p>\n<p>(7) S\u00e1nchez-Le\u00f3n, S., Gil-Humanes, J., Ozuna, C. V., Gim\u00e9nez, M. J., Sousa, C., Voytas, D. F., &amp; Barro, F. (2018). <em>Low-gluten, nontransgenic wheat engineered with CRISPR\/Cas9<\/em>. <strong>Plant Biotechnology Journal, 16<\/strong>(4), 902\u2013910. <a href=\"https:\/\/doi.org\/10.1111\/pbi.12837\">https:\/\/doi.org\/10.1111\/pbi.12837<\/a><\/p>\n<p>(8) EFSA (European Food Safety Authority). (2023). <em>Peer review of the pesticide risk assessment of the active substance glyphosate<\/em>. <strong>EFSA Journal, 21<\/strong>(7), e08164. <a href=\"https:\/\/doi.org\/10.2903\/j.efsa.2023.8164\">https:\/\/doi.org\/10.2903\/j.efsa.2023.8164<\/a><\/p>\n<p>\u00a0<\/p>\n<p>\u00a0<\/p>\n<p>\u00a0<\/p>\n","protected":false},"excerpt":{"rendered":"<p>En els darrers anys, milers de persones han fet el pas cap a una dieta sense gluten (DSG) conven\u00e7udes que \u00e9s m\u00e9s saludable. Per\u00f2 quan mirem de prop qu\u00e8 canvia en el seu dia a dia, sol apar\u00e8ixer el mateix patr\u00f3: menys ultraprocessats, m\u00e9s cuina casolana, m\u00e9s fibra i aliments frescos. Aquest gir de qualitat [&hellip;]<\/p>\n","protected":false},"author":6,"featured_media":1628,"comment_status":"open","ping_status":"closed","sticky":false,"template":"","format":"standard","meta":{"spay_email":"","jetpack_publicize_message":""},"categories":[4,57],"tags":[],"jetpack_featured_media_url":"https:\/\/i2.wp.com\/www.celiacscatalunya.org\/blog\/wp-content\/uploads\/2025\/10\/Imatges-Blog.png?fit=900%2C506&ssl=1","jetpack_publicize_connections":[],"jetpack_sharing_enabled":true,"jetpack_shortlink":"https:\/\/wp.me\/p9jMUf-qf","jetpack-related-posts":[],"_links":{"self":[{"href":"https:\/\/www.celiacscatalunya.org\/blog\/wp-json\/wp\/v2\/posts\/1627"}],"collection":[{"href":"https:\/\/www.celiacscatalunya.org\/blog\/wp-json\/wp\/v2\/posts"}],"about":[{"href":"https:\/\/www.celiacscatalunya.org\/blog\/wp-json\/wp\/v2\/types\/post"}],"author":[{"embeddable":true,"href":"https:\/\/www.celiacscatalunya.org\/blog\/wp-json\/wp\/v2\/users\/6"}],"replies":[{"embeddable":true,"href":"https:\/\/www.celiacscatalunya.org\/blog\/wp-json\/wp\/v2\/comments?post=1627"}],"version-history":[{"count":7,"href":"https:\/\/www.celiacscatalunya.org\/blog\/wp-json\/wp\/v2\/posts\/1627\/revisions"}],"predecessor-version":[{"id":1635,"href":"https:\/\/www.celiacscatalunya.org\/blog\/wp-json\/wp\/v2\/posts\/1627\/revisions\/1635"}],"wp:featuredmedia":[{"embeddable":true,"href":"https:\/\/www.celiacscatalunya.org\/blog\/wp-json\/wp\/v2\/media\/1628"}],"wp:attachment":[{"href":"https:\/\/www.celiacscatalunya.org\/blog\/wp-json\/wp\/v2\/media?parent=1627"}],"wp:term":[{"taxonomy":"category","embeddable":true,"href":"https:\/\/www.celiacscatalunya.org\/blog\/wp-json\/wp\/v2\/categories?post=1627"},{"taxonomy":"post_tag","embeddable":true,"href":"https:\/\/www.celiacscatalunya.org\/blog\/wp-json\/wp\/v2\/tags?post=1627"}],"curies":[{"name":"wp","href":"https:\/\/api.w.org\/{rel}","templated":true}]}}