{"id":1675,"date":"2026-03-16T08:41:21","date_gmt":"2026-03-16T07:41:21","guid":{"rendered":"https:\/\/www.celiacscatalunya.org\/blog\/?p=1675"},"modified":"2026-03-16T08:47:12","modified_gmt":"2026-03-16T07:47:12","slug":"la-celiaquia-en-pantalla-quan-la-ficcio-tambe-educa-o-desinforma","status":"publish","type":"post","link":"https:\/\/www.celiacscatalunya.org\/blog\/la-celiaquia-en-pantalla-quan-la-ficcio-tambe-educa-o-desinforma\/","title":{"rendered":"La celiaquia en pantalla: quan la ficci\u00f3 tamb\u00e9 educa (o desinforma)"},"content":{"rendered":"\n\n\n<p><strong>Amb motiu de la gala dels Oscars que s\u2019ha celebrat aquesta matinada, fem una reflexi\u00f3: Com representa el m\u00f3n del cinema la celiaquia? La resposta, la majoria de vegades, no \u00e9s bona.<\/strong><\/p>\n<p>Les pel\u00b7l\u00edcules i les s\u00e8ries no nom\u00e9s entretenen, tamb\u00e9 construeixen imaginaris, normalitzen realitats i generen empatia. I aqu\u00ed \u00e9s on el col\u00b7lectiu amb celiaquia encara t\u00e9 molta feina pendent en pantalla.<\/p>\n<p>La celiaquia continua sent una malaltia poc visible a la ficci\u00f3 audiovisual. Quan apareix, sovint ho fa de manera anecd\u00f2tica, simplificada o fins i tot esbiaixada: com una \u201cmoda aliment\u00e0ria\u201d, una prefer\u00e8ncia personal o un detall c\u00f2mic sense conseq\u00fc\u00e8ncies reals. Aquesta representaci\u00f3 incompleta contribueix a la desinformaci\u00f3 i malauradament dificulta que la societat entengui qu\u00e8 implica realment viure amb celiaquia. Per aix\u00f2, en la producci\u00f3, caldria m\u00e9s assessorament m\u00e8dic i de les associacions de pacients per evitar estereotips i errors.<\/p>\n<p>Mostrar la celiaquia amb rigor \u00e9s clau per generar empatia. Parlar-ne b\u00e9 vol dir explicar que no \u00e9s una elecci\u00f3, sin\u00f3 una malaltia autoimmune, que una petita tra\u00e7a de gluten pot tenir conseq\u00fc\u00e8ncies greus, que menjar fora de casa no sempre \u00e9s f\u00e0cil, i que la vigil\u00e0ncia constant forma part del dia a dia. Que aquestes realitats apareguin a la pantalla amb naturalitat i respecte, ajudaria a normalitzar-les i a fer visibles unes necessitats que sovint passen desapercebudes.<\/p>\n<p>El cinema i les s\u00e8ries tenen el poder de fer-nos posar a la pell de l\u2019altre. Una escena ben constru\u00efda pot explicar m\u00e9s que mil dades: pot mostrar la por al contacte encreuat amb gluten, el sentiment d\u2019exclusi\u00f3 o l\u2019alleujament de sentir-se finalment compr\u00e8s. Aquesta visibilitat no nom\u00e9s beneficia les persones amb celiaquia, sin\u00f3 que educa el conjunt de la societat.<\/p>\n<p>En una ind\u00fastria que cada vegada aposta m\u00e9s per la diversitat i la representaci\u00f3, la celiaquia tamb\u00e9 ha de tenir el seu espai. Perqu\u00e8 veure\u2019s reflectit importa.<\/p>\n<p>\u00a0<\/p>\n<p><strong>La nostra crida a guionistes i productores<\/strong><\/p>\n<p>Des de l\u2019Associaci\u00f3 Cel\u00edacs de Catalunya fem una crida a productores, guionistes i cadenes de televisi\u00f3 perqu\u00e8 incorporin la celiaquia a les seves hist\u00f2ries amb informaci\u00f3 acurada i sense estereotips. La malaltia cel\u00edaca forma part de la realitat de milers de persones i mereix ser explicada amb la mateixa normalitat i sensibilitat que altres condicions de salut.<\/p>\n<p>Posem a disposici\u00f3 del sector audiovisual el nostre coneixement i assessorament per contribuir a crear personatges i relats que ajudin a informar, generar empatia i normalitzar la celiaquia. Perqu\u00e8 una bona representaci\u00f3 a la pantalla pot marcar la difer\u00e8ncia fora d\u2019ella.<\/p>\n","protected":false},"excerpt":{"rendered":"<p>Amb motiu de la gala dels Oscars que s\u2019ha celebrat aquesta matinada, fem una reflexi\u00f3: Com representa el m\u00f3n del cinema la celiaquia? La resposta, la majoria de vegades, no \u00e9s bona. Les pel\u00b7l\u00edcules i les s\u00e8ries no nom\u00e9s entretenen, tamb\u00e9 construeixen imaginaris, normalitzen realitats i generen empatia. I aqu\u00ed \u00e9s on el col\u00b7lectiu amb [&hellip;]<\/p>\n","protected":false},"author":6,"featured_media":1676,"comment_status":"open","ping_status":"closed","sticky":false,"template":"","format":"standard","meta":{"spay_email":"","jetpack_publicize_message":""},"categories":[22,114],"tags":[],"jetpack_featured_media_url":"https:\/\/i1.wp.com\/www.celiacscatalunya.org\/blog\/wp-content\/uploads\/2026\/03\/Imatges-Blog-5.png?fit=900%2C506&ssl=1","jetpack_publicize_connections":[],"jetpack_sharing_enabled":true,"jetpack_shortlink":"https:\/\/wp.me\/p9jMUf-r1","jetpack-related-posts":[],"_links":{"self":[{"href":"https:\/\/www.celiacscatalunya.org\/blog\/wp-json\/wp\/v2\/posts\/1675"}],"collection":[{"href":"https:\/\/www.celiacscatalunya.org\/blog\/wp-json\/wp\/v2\/posts"}],"about":[{"href":"https:\/\/www.celiacscatalunya.org\/blog\/wp-json\/wp\/v2\/types\/post"}],"author":[{"embeddable":true,"href":"https:\/\/www.celiacscatalunya.org\/blog\/wp-json\/wp\/v2\/users\/6"}],"replies":[{"embeddable":true,"href":"https:\/\/www.celiacscatalunya.org\/blog\/wp-json\/wp\/v2\/comments?post=1675"}],"version-history":[{"count":2,"href":"https:\/\/www.celiacscatalunya.org\/blog\/wp-json\/wp\/v2\/posts\/1675\/revisions"}],"predecessor-version":[{"id":1678,"href":"https:\/\/www.celiacscatalunya.org\/blog\/wp-json\/wp\/v2\/posts\/1675\/revisions\/1678"}],"wp:featuredmedia":[{"embeddable":true,"href":"https:\/\/www.celiacscatalunya.org\/blog\/wp-json\/wp\/v2\/media\/1676"}],"wp:attachment":[{"href":"https:\/\/www.celiacscatalunya.org\/blog\/wp-json\/wp\/v2\/media?parent=1675"}],"wp:term":[{"taxonomy":"category","embeddable":true,"href":"https:\/\/www.celiacscatalunya.org\/blog\/wp-json\/wp\/v2\/categories?post=1675"},{"taxonomy":"post_tag","embeddable":true,"href":"https:\/\/www.celiacscatalunya.org\/blog\/wp-json\/wp\/v2\/tags?post=1675"}],"curies":[{"name":"wp","href":"https:\/\/api.w.org\/{rel}","templated":true}]}}