{"id":205,"date":"2017-11-10T08:01:19","date_gmt":"2017-11-10T08:01:19","guid":{"rendered":"http:\/\/www.celiacscatalunya.org\/blog\/?p=205"},"modified":"2017-11-17T10:19:05","modified_gmt":"2017-11-17T10:19:05","slug":"lassociacio-celiacs-de-catalunya-compromesa-amb-facilitar-la-dieta-sense-gluten-als-campaments-sahrauis-envia-aliments-sense-gluten-a-dajla","status":"publish","type":"post","link":"https:\/\/www.celiacscatalunya.org\/blog\/lassociacio-celiacs-de-catalunya-compromesa-amb-facilitar-la-dieta-sense-gluten-als-campaments-sahrauis-envia-aliments-sense-gluten-a-dajla\/","title":{"rendered":"L\u2019Associaci\u00f3 Cel\u00edacs de Catalunya, compromesa amb facilitar la dieta sense gluten als campaments sahrau\u00eds,  envia aliments sense gluten a Dajla"},"content":{"rendered":"<p style=\"text-align: justify;\"><span style=\"font-size: 10pt; font-family: verdana, geneva, sans-serif;\">La prevalen\u00e7a de la <strong>malaltia cel\u00edaca<\/strong> als <strong>campaments de refugiats sahrau\u00eds<\/strong> es situa al voltant del 6.6 %, una prevalen\u00e7a molt elevada si es compara amb l\u20191% que s\u2019estima a Europa.<br \/>\n<\/span><\/p>\n<p style=\"text-align: justify;\"><span style=\"font-size: 10pt; font-family: verdana, geneva, sans-serif;\">Encara que etiol\u00f2gicament aquesta malaltia est\u00e0 relacionada amb factors tant gen\u00e8tics com ambientals, en el cas dels sahrau\u00eds, la complicada situaci\u00f3 dificulta el seguiment de la dieta sense gluten.\u00a0<\/span><\/p>\n<p style=\"text-align: justify;\"><span style=\"font-size: 10pt; font-family: verdana, geneva, sans-serif;\"><!--more--><\/span><\/p>\n<p style=\"text-align: justify;\"><span style=\"font-family: verdana, geneva, sans-serif; font-size: 10pt;\"><img data-attachment-id=\"211\" data-permalink=\"https:\/\/www.celiacscatalunya.org\/blog\/lassociacio-celiacs-de-catalunya-compromesa-amb-facilitar-la-dieta-sense-gluten-als-campaments-sahrauis-envia-aliments-sense-gluten-a-dajla\/campament-dajla_2\/\" data-orig-file=\"https:\/\/i1.wp.com\/www.celiacscatalunya.org\/blog\/wp-content\/uploads\/2017\/11\/Campament-Dajla_2.jpg?fit=960%2C850&amp;ssl=1\" data-orig-size=\"960,850\" data-comments-opened=\"1\" data-image-meta=\"{&quot;aperture&quot;:&quot;0&quot;,&quot;credit&quot;:&quot;&quot;,&quot;camera&quot;:&quot;&quot;,&quot;caption&quot;:&quot;&quot;,&quot;created_timestamp&quot;:&quot;0&quot;,&quot;copyright&quot;:&quot;&quot;,&quot;focal_length&quot;:&quot;0&quot;,&quot;iso&quot;:&quot;0&quot;,&quot;shutter_speed&quot;:&quot;0&quot;,&quot;title&quot;:&quot;&quot;,&quot;orientation&quot;:&quot;0&quot;}\" data-image-title=\"Campament Dajla_2\" data-image-description=\"\" data-medium-file=\"https:\/\/i1.wp.com\/www.celiacscatalunya.org\/blog\/wp-content\/uploads\/2017\/11\/Campament-Dajla_2.jpg?fit=300%2C266&amp;ssl=1\" data-large-file=\"https:\/\/i1.wp.com\/www.celiacscatalunya.org\/blog\/wp-content\/uploads\/2017\/11\/Campament-Dajla_2.jpg?fit=616%2C545&amp;ssl=1\" decoding=\"async\" loading=\"lazy\" class=\"wp-image-211 aligncenter\" src=\"https:\/\/i1.wp.com\/www.celiacscatalunya.org\/blog\/wp-content\/uploads\/2017\/11\/Campament-Dajla_2.jpg?resize=177%2C157&#038;ssl=1\" alt=\"\" width=\"177\" height=\"157\" srcset=\"https:\/\/i1.wp.com\/www.celiacscatalunya.org\/blog\/wp-content\/uploads\/2017\/11\/Campament-Dajla_2.jpg?resize=300%2C266&amp;ssl=1 300w, https:\/\/i1.wp.com\/www.celiacscatalunya.org\/blog\/wp-content\/uploads\/2017\/11\/Campament-Dajla_2.jpg?resize=768%2C680&amp;ssl=1 768w, https:\/\/i1.wp.com\/www.celiacscatalunya.org\/blog\/wp-content\/uploads\/2017\/11\/Campament-Dajla_2.jpg?resize=816%2C723&amp;ssl=1 816w, https:\/\/i1.wp.com\/www.celiacscatalunya.org\/blog\/wp-content\/uploads\/2017\/11\/Campament-Dajla_2.jpg?w=960&amp;ssl=1 960w\" sizes=\"(max-width: 177px) 100vw, 177px\" data-recalc-dims=\"1\" \/><\/span><\/p>\n<p style=\"text-align: justify;\"><span style=\"font-size: 10pt; font-family: verdana, geneva, sans-serif;\">Atenent la petici\u00f3 de col\u00b7laboraci\u00f3 rebuda per l\u2019<a href=\"http:\/\/www.apssprojectesolidari.es\/\">Associaci\u00f3 per al Desenvolupament de Projectes Solidaris al S\u00e0hara<\/a>, <a href=\"https:\/\/www.celiacscatalunya.org\/\">Cel\u00edacs de Catalunya<\/a> contribueix mitjan\u00e7ant l\u2019<strong>enviament de productes espec\u00edfics sense gluten<\/strong>, concretament farina sense gluten.\u00a0<\/span><\/p>\n<p style=\"text-align: justify;\"><span style=\"font-family: verdana, geneva, sans-serif; font-size: 10pt;\"><img data-attachment-id=\"208\" data-permalink=\"https:\/\/www.celiacscatalunya.org\/blog\/lassociacio-celiacs-de-catalunya-compromesa-amb-facilitar-la-dieta-sense-gluten-als-campaments-sahrauis-envia-aliments-sense-gluten-a-dajla\/dajla_1\/\" data-orig-file=\"https:\/\/i1.wp.com\/www.celiacscatalunya.org\/blog\/wp-content\/uploads\/2017\/11\/Dajla_1.jpg?fit=1600%2C1200&amp;ssl=1\" data-orig-size=\"1600,1200\" data-comments-opened=\"1\" data-image-meta=\"{&quot;aperture&quot;:&quot;0&quot;,&quot;credit&quot;:&quot;&quot;,&quot;camera&quot;:&quot;&quot;,&quot;caption&quot;:&quot;&quot;,&quot;created_timestamp&quot;:&quot;0&quot;,&quot;copyright&quot;:&quot;&quot;,&quot;focal_length&quot;:&quot;0&quot;,&quot;iso&quot;:&quot;0&quot;,&quot;shutter_speed&quot;:&quot;0&quot;,&quot;title&quot;:&quot;&quot;,&quot;orientation&quot;:&quot;0&quot;}\" data-image-title=\"Dajla_1\" data-image-description=\"\" data-medium-file=\"https:\/\/i1.wp.com\/www.celiacscatalunya.org\/blog\/wp-content\/uploads\/2017\/11\/Dajla_1.jpg?fit=300%2C225&amp;ssl=1\" data-large-file=\"https:\/\/i1.wp.com\/www.celiacscatalunya.org\/blog\/wp-content\/uploads\/2017\/11\/Dajla_1.jpg?fit=616%2C462&amp;ssl=1\" decoding=\"async\" loading=\"lazy\" class=\"wp-image-208 aligncenter\" src=\"https:\/\/i1.wp.com\/www.celiacscatalunya.org\/blog\/wp-content\/uploads\/2017\/11\/Dajla_1.jpg?resize=256%2C192&#038;ssl=1\" alt=\"\" width=\"256\" height=\"192\" srcset=\"https:\/\/i1.wp.com\/www.celiacscatalunya.org\/blog\/wp-content\/uploads\/2017\/11\/Dajla_1.jpg?resize=300%2C225&amp;ssl=1 300w, https:\/\/i1.wp.com\/www.celiacscatalunya.org\/blog\/wp-content\/uploads\/2017\/11\/Dajla_1.jpg?resize=768%2C576&amp;ssl=1 768w, https:\/\/i1.wp.com\/www.celiacscatalunya.org\/blog\/wp-content\/uploads\/2017\/11\/Dajla_1.jpg?resize=1024%2C768&amp;ssl=1 1024w, https:\/\/i1.wp.com\/www.celiacscatalunya.org\/blog\/wp-content\/uploads\/2017\/11\/Dajla_1.jpg?resize=816%2C612&amp;ssl=1 816w, https:\/\/i1.wp.com\/www.celiacscatalunya.org\/blog\/wp-content\/uploads\/2017\/11\/Dajla_1.jpg?w=1600&amp;ssl=1 1600w, https:\/\/i1.wp.com\/www.celiacscatalunya.org\/blog\/wp-content\/uploads\/2017\/11\/Dajla_1.jpg?w=1232&amp;ssl=1 1232w\" sizes=\"(max-width: 256px) 100vw, 256px\" data-recalc-dims=\"1\" \/><\/span><\/p>\n<p style=\"text-align: justify;\"><span style=\"font-size: 10pt; font-family: verdana, geneva, sans-serif;\">L\u2019enviament de farina contribuir\u00e0 a la no transgressi\u00f3 de la dieta de les persones cel\u00edaques del <strong>campament de Dajla<\/strong>, el m\u00e9s allunyat de <strong>Tinduf<\/strong> i situat a prop de la frontera amb Mauritania on es presenten les pitjors condicions, tant d\u2019habitabilitat com d\u2019higiene i necessitats aliment\u00e0ries, per tal d\u2019evitar que pateixin altres malalties associades a la celiaquia.\u00a0\u00a0<\/span><\/p>\n<p style=\"text-align: justify;\"><span style=\"font-size: 10pt; font-family: verdana, geneva, sans-serif;\">La <strong>poblaci\u00f3 sahrau\u00ed<\/strong> rep per part de les diferents entitats d\u2019ajuda internacional una \u201c<strong>cistella d\u2019aliments<\/strong>\u201d, moltes vegades insuficient, que juntament amb la mancan\u00e7a de recursos i el desconeixement sobre la celiaquia i la contaminaci\u00f3 encreuada, propicien quadres de desnutrici\u00f3, retard d\u2019estatura en infants aix\u00ed com an\u00e8mia en adults que ocasionen m\u00e9s afectacions psicol\u00f2giques entre la poblaci\u00f3.<\/span><\/p>\n","protected":false},"excerpt":{"rendered":"<p>La prevalen\u00e7a de la malaltia cel\u00edaca als campaments de refugiats sahrau\u00eds es situa al voltant del 6.6 %, una prevalen\u00e7a molt elevada si es compara amb l\u20191% que s\u2019estima a Europa. Encara que etiol\u00f2gicament aquesta malaltia est\u00e0 relacionada amb factors tant gen\u00e8tics com ambientals, en el cas dels sahrau\u00eds, la complicada situaci\u00f3 dificulta el seguiment [&hellip;]<\/p>\n","protected":false},"author":3,"featured_media":217,"comment_status":"open","ping_status":"closed","sticky":false,"template":"","format":"standard","meta":{"spay_email":"","jetpack_publicize_message":""},"categories":[22,37,59],"tags":[60,15,28,61,63,38,64,62],"jetpack_featured_media_url":"https:\/\/i0.wp.com\/www.celiacscatalunya.org\/blog\/wp-content\/uploads\/2017\/11\/Dajla_2.jpg?fit=300%2C225&ssl=1","jetpack_publicize_connections":[],"jetpack_sharing_enabled":true,"jetpack_shortlink":"https:\/\/wp.me\/p9jMUf-3j","jetpack-related-posts":[],"_links":{"self":[{"href":"https:\/\/www.celiacscatalunya.org\/blog\/wp-json\/wp\/v2\/posts\/205"}],"collection":[{"href":"https:\/\/www.celiacscatalunya.org\/blog\/wp-json\/wp\/v2\/posts"}],"about":[{"href":"https:\/\/www.celiacscatalunya.org\/blog\/wp-json\/wp\/v2\/types\/post"}],"author":[{"embeddable":true,"href":"https:\/\/www.celiacscatalunya.org\/blog\/wp-json\/wp\/v2\/users\/3"}],"replies":[{"embeddable":true,"href":"https:\/\/www.celiacscatalunya.org\/blog\/wp-json\/wp\/v2\/comments?post=205"}],"version-history":[{"count":7,"href":"https:\/\/www.celiacscatalunya.org\/blog\/wp-json\/wp\/v2\/posts\/205\/revisions"}],"predecessor-version":[{"id":230,"href":"https:\/\/www.celiacscatalunya.org\/blog\/wp-json\/wp\/v2\/posts\/205\/revisions\/230"}],"wp:featuredmedia":[{"embeddable":true,"href":"https:\/\/www.celiacscatalunya.org\/blog\/wp-json\/wp\/v2\/media\/217"}],"wp:attachment":[{"href":"https:\/\/www.celiacscatalunya.org\/blog\/wp-json\/wp\/v2\/media?parent=205"}],"wp:term":[{"taxonomy":"category","embeddable":true,"href":"https:\/\/www.celiacscatalunya.org\/blog\/wp-json\/wp\/v2\/categories?post=205"},{"taxonomy":"post_tag","embeddable":true,"href":"https:\/\/www.celiacscatalunya.org\/blog\/wp-json\/wp\/v2\/tags?post=205"}],"curies":[{"name":"wp","href":"https:\/\/api.w.org\/{rel}","templated":true}]}}