{"id":345,"date":"2018-02-05T10:58:48","date_gmt":"2018-02-05T10:58:48","guid":{"rendered":"http:\/\/www.celiacscatalunya.org\/blog\/?p=345"},"modified":"2021-11-29T09:31:21","modified_gmt":"2021-11-29T08:31:21","slug":"triangle-de-la-salut-aplicat-a-la-celiaquia","status":"publish","type":"post","link":"https:\/\/www.celiacscatalunya.org\/blog\/triangle-de-la-salut-aplicat-a-la-celiaquia\/","title":{"rendered":"Triangle de la salut aplicat a la celiaquia"},"content":{"rendered":"<p style=\"text-align: justify;\"><span style=\"font-family: verdana, geneva, sans-serif; font-size: 10pt;\">Seguir una alimentaci\u00f3 variada, equilibrada i sense gluten \u00e9s essencial per a recuperar i mantenir la salut d\u2019una persona cel\u00edaca. No obstant aix\u00f2, a vegades ens venen al cap molts dubtes sobre quins aliments prioritzar el consum i quins altres \u00e9s millor reduir o evitar. <\/span><\/p>\n<p style=\"text-align: justify;\"><!--more--><\/p>\n<p style=\"text-align: justify;\"><span style=\"font-family: verdana, geneva, sans-serif; font-size: 10pt;\">En l\u2019article d\u2019avui et parlarem del Triangle de la Nutrici\u00f3, una eina molt \u00fatil que ens pot ajudar a millorar la nostra alimentaci\u00f3 i que ens proposa l\u2019Institut Flamenc de Vida Saludable (<em><a href=\"https:\/\/www.gezondleven.be\/materialen\">Vlaams Instituut Gezond Leven<\/a><\/em>), el qual ha fet una reinterpretaci\u00f3 molt interessant de la famosa <a href=\"http:\/\/www.nutricioncomunitaria.org\/es\/noticia\/se-presentan-las-nuevas-guias-alimentarias-para-la-poblacion-espanola-elaboradas-por-la-senc-con-la-\">Pir\u00e0mide de l\u2019alimentaci\u00f3 saludable<\/a> que segurament ja coneixes.<\/span><\/p>\n<p style=\"text-align: justify;\"><span style=\"font-family: verdana, geneva, sans-serif; font-size: 10pt;\"><strong>Qu\u00e8 tenir en compte?<\/strong><\/span><\/p>\n<ol style=\"text-align: justify;\">\n<li><span style=\"font-family: verdana, geneva, sans-serif; font-size: 10pt;\">L\u2019alimentaci\u00f3 s\u2019ha d\u2019adaptar al nostre estat nutricional i a les circumst\u00e0ncies del moment. No tindran les mateixes necessitats una persona diagnosticada de celiaquia fa anys que una amb un <strong>diagn\u00f2stic recent,<\/strong> ja que \u00e9s probable que aquesta presenti p\u00e8rdua de pes i defici\u00e8ncies nutricionals com, per exemple, an\u00e8mia. Aix\u00f2 \u00e9s causat a la <strong>malabsorci\u00f3 de vitamines <\/strong>(especialment del grup B com folats, vitamines C, A i D) i <strong>minerals<\/strong> (calci, ferro i potassi) provocada pel dany ocasionat a les vellositats intestinals durant anys.<\/span><\/li>\n<li><span style=\"font-family: verdana, geneva, sans-serif; font-size: 10pt;\">En el <strong>Triangle de la Salut<\/strong> se\u2019ns presenten algunes opcions amb gluten o amb risc de tenir-ne, caldr\u00e0 que fem algunes adaptacions. Per tant, et recomanem que tinguis a m\u00e0 el nostre llistat <a href=\"https:\/\/www.celiacscatalunya.org\/pdfs\/Classificacio_Aliments-2021_dig.pdf\" target=\"_blank\" rel=\"noopener noreferrer\">orientatiu d\u2019aliments amb i sense gluten<\/a>.<\/span><\/li>\n<\/ol>\n<p style=\"text-align: justify;\"><span style=\"font-family: verdana, geneva, sans-serif; font-size: 10pt;\"><a href=\"https:\/\/www.gezondleven.be\/themas\/voeding\/voedingsdriehoek\">En aquest enlla\u00e7<\/a> trobar\u00e0s la versi\u00f3 original del Triangle de la Nutrici\u00f3 i la que et presentem aqu\u00ed l\u2019hem tradu\u00efda i adaptada al catal\u00e0 per a facilitar la seva comprensi\u00f3.<\/span><\/p>\n<p style=\"text-align: justify;\"><img data-attachment-id=\"346\" data-permalink=\"https:\/\/www.celiacscatalunya.org\/blog\/triangle-de-la-salut-aplicat-a-la-celiaquia\/triangle-catala_esther_roca-1\/\" data-orig-file=\"https:\/\/i0.wp.com\/www.celiacscatalunya.org\/blog\/wp-content\/uploads\/2018\/02\/triangle-catala_esther_roca-1.jpg?fit=788%2C620&amp;ssl=1\" data-orig-size=\"788,620\" data-comments-opened=\"1\" data-image-meta=\"{&quot;aperture&quot;:&quot;0&quot;,&quot;credit&quot;:&quot;&quot;,&quot;camera&quot;:&quot;&quot;,&quot;caption&quot;:&quot;&quot;,&quot;created_timestamp&quot;:&quot;0&quot;,&quot;copyright&quot;:&quot;&quot;,&quot;focal_length&quot;:&quot;0&quot;,&quot;iso&quot;:&quot;0&quot;,&quot;shutter_speed&quot;:&quot;0&quot;,&quot;title&quot;:&quot;&quot;,&quot;orientation&quot;:&quot;1&quot;}\" data-image-title=\"triangle catala_esther_roca-1\" data-image-description=\"\" data-medium-file=\"https:\/\/i0.wp.com\/www.celiacscatalunya.org\/blog\/wp-content\/uploads\/2018\/02\/triangle-catala_esther_roca-1.jpg?fit=300%2C236&amp;ssl=1\" data-large-file=\"https:\/\/i0.wp.com\/www.celiacscatalunya.org\/blog\/wp-content\/uploads\/2018\/02\/triangle-catala_esther_roca-1.jpg?fit=616%2C485&amp;ssl=1\" decoding=\"async\" loading=\"lazy\" class=\"aligncenter wp-image-346\" src=\"https:\/\/i0.wp.com\/www.celiacscatalunya.org\/blog\/wp-content\/uploads\/2018\/02\/triangle-catala_esther_roca-1.jpg?resize=234%2C184&#038;ssl=1\" alt=\"\" width=\"234\" height=\"184\" srcset=\"https:\/\/i0.wp.com\/www.celiacscatalunya.org\/blog\/wp-content\/uploads\/2018\/02\/triangle-catala_esther_roca-1.jpg?resize=300%2C236&amp;ssl=1 300w, https:\/\/i0.wp.com\/www.celiacscatalunya.org\/blog\/wp-content\/uploads\/2018\/02\/triangle-catala_esther_roca-1.jpg?resize=768%2C604&amp;ssl=1 768w, https:\/\/i0.wp.com\/www.celiacscatalunya.org\/blog\/wp-content\/uploads\/2018\/02\/triangle-catala_esther_roca-1.jpg?w=788&amp;ssl=1 788w\" sizes=\"(max-width: 234px) 100vw, 234px\" data-recalc-dims=\"1\" \/><\/p>\n<p style=\"text-align: justify;\"><span style=\"font-family: verdana, geneva, sans-serif; font-size: 10pt;\"><strong>Quina informaci\u00f3 ens d\u00f3na el triangle de la salut?<\/strong><\/span><\/p>\n<p style=\"text-align: justify;\"><span style=\"font-family: verdana, geneva, sans-serif; font-size: 10pt;\">\u00a0\u00a0\u00a0\u00a0 D\u2019una ullada veiem a la part superior esquerra el s\u00edmbol \u201cm\u00e9s\u201d unit al \u201cmenys\u201d, a l\u2019extrem inferior del triangle. Tots els aliments inclosos dins d\u2019aquest triangle es consideren m\u00e9s o menys acceptats dins d\u2019una dieta saludable sempre que es respecti la proporcionalitat representada en la figura. \u00c9s a dir, al nivell superior van els aliments que han de tenir major pres\u00e8ncia en la nostra dieta i a l\u2019inferior els que menys. Els aliments superflus com brioixeria, begudes ensucrades, begudes alcoh\u00f2liques, carns processades i aliments precuinats el consum dels quals cal reduir al m\u00e0xim o treure\u2019ls de la nostra dieta, se situen fora del triangle amb la llegenda \u201ctant poc com sigui possible\u201d.<\/span><\/p>\n<p style=\"text-align: justify;\"><span style=\"font-family: verdana, geneva, sans-serif; font-size: 10pt;\">El triangle tamb\u00e9 inclou l\u2019aigua, essencial per a mantenir-nos hidratats i la que ha de ser la nostra beguda principal.<\/span><\/p>\n<ol style=\"text-align: justify;\">\n<li><span style=\"font-family: verdana, geneva, sans-serif; font-size: 10pt;\"><strong>Primer nivell comen\u00e7ant per la part superior<\/strong><\/span><\/li>\n<\/ol>\n<p style=\"text-align: justify;\"><span style=\"font-family: verdana, geneva, sans-serif; font-size: 10pt;\">\u00a0\u00a0\u00a0\u00a0\u00a0\u00a0 \u00c9s el de major import\u00e0ncia i l\u2019ocupen els vegetals. Les <strong>verdures, fruites i hortalisses<\/strong>, seran la nostra font principal de vitamines (especialment del grup B, C i A), minerals (potassi i calci), fibra i aigua. La vitamina C ens ajudar\u00e0 a absorbir millor el ferro que ens aporten els vegetals i a normalitzar-ne els nivells en sang.<\/span><\/p>\n<p style=\"text-align: justify;\"><span style=\"font-family: verdana, geneva, sans-serif; font-size: 10pt;\">Segons l\u2019Organitzaci\u00f3 Mundial de La Salud (OMS) es recomana menjar m\u00ednim 400 g diaris de fruites i verdures. Pot ser-te d\u2019ajuda aquesta <a href=\"http:\/\/www.alimentacion.es\/imagenes\/es\/p%C3%B3ster%20calendario_tcm8-18336.pdf\">infografia<\/a> que va elaborar el Ministerio de Agricultura, Alimentaci\u00f3n y Medio Ambiente durant la campanya \u201c<a href=\"http:\/\/www.alimentacion.es\/es\/campanas\/frutas\/fruta-y-verdura-de-aqui-y-ahora\/default.aspx\">Fruita i Verdura d\u2019aqu\u00ed i ara<\/a>\u201d.\u00a0<\/span><\/p>\n<p style=\"text-align: justify;\"><img data-attachment-id=\"347\" data-permalink=\"https:\/\/www.celiacscatalunya.org\/blog\/triangle-de-la-salut-aplicat-a-la-celiaquia\/frutas-y-hortalizas\/\" data-orig-file=\"https:\/\/i0.wp.com\/www.celiacscatalunya.org\/blog\/wp-content\/uploads\/2018\/02\/frutas-y-hortalizas.jpg?fit=640%2C426&amp;ssl=1\" data-orig-size=\"640,426\" data-comments-opened=\"1\" data-image-meta=\"{&quot;aperture&quot;:&quot;4.5&quot;,&quot;credit&quot;:&quot;&quot;,&quot;camera&quot;:&quot;DSLR-A230&quot;,&quot;caption&quot;:&quot;&quot;,&quot;created_timestamp&quot;:&quot;0&quot;,&quot;copyright&quot;:&quot;&quot;,&quot;focal_length&quot;:&quot;30&quot;,&quot;iso&quot;:&quot;400&quot;,&quot;shutter_speed&quot;:&quot;0.05&quot;,&quot;title&quot;:&quot;&quot;,&quot;orientation&quot;:&quot;0&quot;}\" data-image-title=\"frutas y hortalizas\" data-image-description=\"\" data-medium-file=\"https:\/\/i0.wp.com\/www.celiacscatalunya.org\/blog\/wp-content\/uploads\/2018\/02\/frutas-y-hortalizas.jpg?fit=300%2C200&amp;ssl=1\" data-large-file=\"https:\/\/i0.wp.com\/www.celiacscatalunya.org\/blog\/wp-content\/uploads\/2018\/02\/frutas-y-hortalizas.jpg?fit=616%2C410&amp;ssl=1\" decoding=\"async\" loading=\"lazy\" class=\"aligncenter wp-image-347\" src=\"https:\/\/i0.wp.com\/www.celiacscatalunya.org\/blog\/wp-content\/uploads\/2018\/02\/frutas-y-hortalizas.jpg?resize=251%2C167&#038;ssl=1\" alt=\"\" width=\"251\" height=\"167\" srcset=\"https:\/\/i0.wp.com\/www.celiacscatalunya.org\/blog\/wp-content\/uploads\/2018\/02\/frutas-y-hortalizas.jpg?resize=300%2C200&amp;ssl=1 300w, https:\/\/i0.wp.com\/www.celiacscatalunya.org\/blog\/wp-content\/uploads\/2018\/02\/frutas-y-hortalizas.jpg?w=640&amp;ssl=1 640w\" sizes=\"(max-width: 251px) 100vw, 251px\" data-recalc-dims=\"1\" \/><\/p>\n<p style=\"text-align: justify;\"><span style=\"font-family: verdana, geneva, sans-serif; font-size: 10pt;\">En el mateix bloc, es troben els <strong>llegums, la patata, els aliments elaborats amb cereals integrals, l\u2019oli d\u2019oliva i els fruits secs<\/strong>. Tal com ja vam fer inc\u00eds en <a href=\"https:\/\/www.celiacscatalunya.org\/blog\/2018\/01\/07\/alimentacio-saludable-sense-gluten-post-nadal\/\">l\u2019anterior article<\/a>, dins del grup dels cereals hem de con\u00e8ixer les opcions sense gluten com l\u2019arr\u00f2s, el mill, la quinoa, el blat de moro, el blat sarra\u00ed, amarant, teff, soja i tapioca i sempre que sigui possible, escollir les versions integrals, ja que a m\u00e9s d\u2019aportar fibra i minerals, tenen m\u00e9s contingut en vitamines del grup B que les farines refinades. La civada etiquetada sense gluten tamb\u00e9 \u00e9s una bona opci\u00f3 sempre que no s\u2019introdueixi immediatament despr\u00e9s del diagn\u00f2stic de celiaquia, ja que algunes persones presenten simptomatologia rere el seu consum. Cal introduir-la gradualment i sempre amb l\u2019ajuda d\u2019un dietista-nutricionista. Si b\u00e9 \u00e9s cert que costa trobar pasta i pa elaborats amb farina sense gluten integral, avui en dia trobem cada cop m\u00e9s opcions.<\/span><\/p>\n<p style=\"text-align: justify;\"><span style=\"font-family: verdana, geneva, sans-serif; font-size: 10pt;\">Tot i que a la figura apareix el tofu volem fer un inc\u00eds sobre aquest producte, ja que \u00e9s un aliment de risc per les persones cel\u00edaques i que per tant, sempre s\u2019ha de comprar etiquetat <strong>Sense Gluten<\/strong>.<\/span><\/p>\n<p style=\"text-align: justify;\"><img data-attachment-id=\"348\" data-permalink=\"https:\/\/www.celiacscatalunya.org\/blog\/triangle-de-la-salut-aplicat-a-la-celiaquia\/cereals_1\/\" data-orig-file=\"https:\/\/i0.wp.com\/www.celiacscatalunya.org\/blog\/wp-content\/uploads\/2018\/02\/cereals_1.jpg?fit=640%2C218&amp;ssl=1\" data-orig-size=\"640,218\" data-comments-opened=\"1\" data-image-meta=\"{&quot;aperture&quot;:&quot;2.8&quot;,&quot;credit&quot;:&quot;&quot;,&quot;camera&quot;:&quot;NIKON D7100&quot;,&quot;caption&quot;:&quot;&quot;,&quot;created_timestamp&quot;:&quot;0&quot;,&quot;copyright&quot;:&quot;&quot;,&quot;focal_length&quot;:&quot;40&quot;,&quot;iso&quot;:&quot;400&quot;,&quot;shutter_speed&quot;:&quot;0.000125&quot;,&quot;title&quot;:&quot;&quot;,&quot;orientation&quot;:&quot;0&quot;}\" data-image-title=\"cereals_1\" data-image-description=\"\" data-medium-file=\"https:\/\/i0.wp.com\/www.celiacscatalunya.org\/blog\/wp-content\/uploads\/2018\/02\/cereals_1.jpg?fit=300%2C102&amp;ssl=1\" data-large-file=\"https:\/\/i0.wp.com\/www.celiacscatalunya.org\/blog\/wp-content\/uploads\/2018\/02\/cereals_1.jpg?fit=616%2C210&amp;ssl=1\" decoding=\"async\" loading=\"lazy\" class=\"aligncenter size-medium wp-image-348\" src=\"https:\/\/i0.wp.com\/www.celiacscatalunya.org\/blog\/wp-content\/uploads\/2018\/02\/cereals_1.jpg?resize=300%2C102&#038;ssl=1\" alt=\"\" width=\"300\" height=\"102\" srcset=\"https:\/\/i0.wp.com\/www.celiacscatalunya.org\/blog\/wp-content\/uploads\/2018\/02\/cereals_1.jpg?resize=300%2C102&amp;ssl=1 300w, https:\/\/i0.wp.com\/www.celiacscatalunya.org\/blog\/wp-content\/uploads\/2018\/02\/cereals_1.jpg?w=640&amp;ssl=1 640w\" sizes=\"(max-width: 300px) 100vw, 300px\" data-recalc-dims=\"1\" \/><\/p>\n<ol style=\"text-align: justify;\" start=\"2\">\n<li><span style=\"font-family: verdana, geneva, sans-serif; font-size: 10pt;\"><strong>Segon nivell<\/strong><\/span><\/li>\n<\/ol>\n<p style=\"text-align: justify;\"><span style=\"font-family: verdana, geneva, sans-serif; font-size: 10pt;\">Trobem en primer lloc el <strong>peix i els lactis<\/strong> (llet i llets fermentades). El peix ens aportar\u00e0 prote\u00efnes d\u2019elevada qualitat, vitamina D i <strong>\u00e0cids grassos essencials<\/strong>. El formatge, l\u2019ou i les carns blanques tamb\u00e9 s\u00f3n una excel\u00b7lent font de prote\u00efna i s\u00f3n lliures de gluten per naturalesa.<\/span><\/p>\n<p style=\"text-align: justify;\"><span style=\"font-family: verdana, geneva, sans-serif; font-size: 10pt;\">Com que el dany causat a les vellositats de l\u2019intest\u00ed afecta l\u2019absorci\u00f3 del calci i a la digesti\u00f3 de la lactosa, moltes persones desenvolupen <strong>intoler\u00e0ncia a la lactosa<\/strong> secund\u00e0ria a la celiaquia durant un temps. En aquests casos i sempre consultant pr\u00e8viament al metge, valorarem la introducci\u00f3 del formatge fresc, la llet sense lactosa i alguns iogurts, ja que s\u00f3n de m\u00e9s f\u00e0cil digesti\u00f3.<\/span><\/p>\n<ol style=\"text-align: justify;\" start=\"3\">\n<li><span style=\"font-family: verdana, geneva, sans-serif; font-size: 10pt;\"><strong>Tercer nivell<\/strong><\/span><\/li>\n<\/ol>\n<p style=\"text-align: justify;\"><span style=\"font-family: verdana, geneva, sans-serif; font-size: 10pt;\">L\u2019ocupen la <strong>mantega i les carns vermelles<\/strong> (que no carns processades) en un espai significativament molt m\u00e9s redu\u00eft.<\/span><\/p>\n<ol style=\"text-align: justify;\" start=\"4\">\n<li><span style=\"font-family: verdana, geneva, sans-serif; font-size: 10pt;\"><strong>Cercle exterior<\/strong><\/span><\/li>\n<\/ol>\n<p style=\"text-align: justify;\"><span style=\"font-family: verdana, geneva, sans-serif; font-size: 10pt;\">Aquests productes, en tractar-se d\u2019aliments molt processats, tot i trobar-los etiquetats Sense Gluten, contenen grans quantitats de <strong>sucres refinats<\/strong>, <strong>greixos saturats<\/strong> i <strong>sal<\/strong> addicional. Per tant, el seu consum despla\u00e7a el dels aliments inclosos al triangle, que s\u00f3n els que realment ens ajudaran a recuperar i mantenir un bon estat nutricional.<\/span><\/p>\n<p style=\"text-align: justify;\"><span style=\"font-family: verdana, geneva, sans-serif; font-size: 10pt;\">En Resum:<\/span><\/p>\n<ol>\n<li style=\"text-align: justify;\"><span style=\"font-family: verdana, geneva, sans-serif; font-size: 10pt;\">Seguir una estricta dieta lliure de gluten equilibrada i variada pot ser suficient per a normalitzar els nivells de vitamines i minerals i recuperar la \u201cintegritat\u201d de la mucosa intestinal.<\/span><\/li>\n<li style=\"text-align: justify;\"><span style=\"font-family: verdana, geneva, sans-serif; font-size: 10pt;\">La major part dels aliments que han de constituir la nostra dieta s\u00f3n frescos i lliures de gluten per naturalesa.<\/span><\/li>\n<li style=\"text-align: justify;\"><span style=\"font-family: verdana, geneva, sans-serif; font-size: 10pt;\">Acudir sempre a un dietista-nutricionista perqu\u00e8 ens faci un assessorament personalitzat.<\/span><\/li>\n<\/ol>\n<p><span style=\"font-family: verdana, geneva, sans-serif; font-size: 10pt;\">Bibliografia<\/span><\/p>\n<ul>\n<li><span style=\"font-family: verdana, geneva, sans-serif; font-size: 10pt;\">Conceptos B\u00e1sicos en Alimentaci\u00f3n. Sociedad Espa\u00f1ola de Gastroenterolog\u00eda, Hepatolog\u00eda y Nutrici\u00f3n Pedi\u00e1trica; 2016. Disponible a: <a href=\"https:\/\/www.seghnp.org\/sites\/default\/files\/2017-06\/conceptos-alimentacion.pdf\">https:\/\/www.seghnp.org\/sites\/default\/files\/2017-06\/conceptos-alimentacion.pdf<\/a><\/span><\/li>\n<li><span style=\"font-family: verdana, geneva, sans-serif; font-size: 10pt;\">Gu\u00eda de alimentaci\u00f3n saludable. Sociedad Espa\u00f1ola de Nutrici\u00f3n Comunitaria; 2004. Disponible a: <a href=\"http:\/\/www.nutricioncomunitaria.org\/es\/noticia\/se-presentan-las-nuevas-guias-alimentarias-para-la-poblacion-espanola-elaboradas-por-la-senc-con-la-\">http:\/\/www.nutricioncomunitaria.org\/es\/noticia\/se-presentan-las-nuevas-guias-alimentarias-para-la-poblacion-espanola-elaboradas-por-la-senc-con-la-<\/a><\/span><\/li>\n<li><span style=\"font-family: verdana, geneva, sans-serif; font-size: 10pt;\">Vitamin and Mineral Deficiencies Are Highly Prevalent in Newly Diagnosed Celiac Disease Patients. Nutrients 2013. Disponible a: <a href=\"http:\/\/www.mdpi.com\/2072-6643\/5\/10\/3975\">http:\/\/www.mdpi.com\/2072-6643\/5\/10\/3975<\/a><\/span><\/li>\n<li><span style=\"font-family: verdana, geneva, sans-serif; font-size: 10pt;\">Gluten-Free Diet Indications, Safety, Quality, Labels, anD Challenges. Nutrients 2017. Disponible a: <a href=\"http:\/\/www.mdpi.com\/2072-6643\/9\/8\/846\">http:\/\/www.mdpi.com\/2072-6643\/9\/8\/846<\/a><\/span><\/li>\n<li><span style=\"font-family: verdana, geneva, sans-serif; font-size: 10pt;\">Organizaci\u00f3n Mundial de la Salud. Nota informativa sobre la ingesta de az\u00facares recomendada en la directriz de la OMS para adultos y ni\u00f1os. Ginebra: 2015. Disponible a:<a href=\"http:\/\/www.who.int\/nutrition\/publications\/guidelines\/sugar_intake_information_note_es.pdf\">http:\/\/www.who.int\/nutrition\/publications\/guidelines\/sugar_intake_information_note_es.pdf<\/a><\/span><\/li>\n<\/ul>\n","protected":false},"excerpt":{"rendered":"<p>Seguir una alimentaci\u00f3 variada, equilibrada i sense gluten \u00e9s essencial per a recuperar i mantenir la salut d\u2019una persona cel\u00edaca. No obstant aix\u00f2, a vegades ens venen al cap molts dubtes sobre quins aliments prioritzar el consum i quins altres \u00e9s millor reduir o evitar.<\/p>\n","protected":false},"author":3,"featured_media":346,"comment_status":"open","ping_status":"closed","sticky":false,"template":"","format":"standard","meta":{"spay_email":"","jetpack_publicize_message":""},"categories":[22,4,57,33],"tags":[47,12,15,28,46,44,51,7],"jetpack_featured_media_url":"https:\/\/i0.wp.com\/www.celiacscatalunya.org\/blog\/wp-content\/uploads\/2018\/02\/triangle-catala_esther_roca-1.jpg?fit=788%2C620&ssl=1","jetpack_publicize_connections":[],"jetpack_sharing_enabled":true,"jetpack_shortlink":"https:\/\/wp.me\/p9jMUf-5z","jetpack-related-posts":[],"_links":{"self":[{"href":"https:\/\/www.celiacscatalunya.org\/blog\/wp-json\/wp\/v2\/posts\/345"}],"collection":[{"href":"https:\/\/www.celiacscatalunya.org\/blog\/wp-json\/wp\/v2\/posts"}],"about":[{"href":"https:\/\/www.celiacscatalunya.org\/blog\/wp-json\/wp\/v2\/types\/post"}],"author":[{"embeddable":true,"href":"https:\/\/www.celiacscatalunya.org\/blog\/wp-json\/wp\/v2\/users\/3"}],"replies":[{"embeddable":true,"href":"https:\/\/www.celiacscatalunya.org\/blog\/wp-json\/wp\/v2\/comments?post=345"}],"version-history":[{"count":4,"href":"https:\/\/www.celiacscatalunya.org\/blog\/wp-json\/wp\/v2\/posts\/345\/revisions"}],"predecessor-version":[{"id":1160,"href":"https:\/\/www.celiacscatalunya.org\/blog\/wp-json\/wp\/v2\/posts\/345\/revisions\/1160"}],"wp:featuredmedia":[{"embeddable":true,"href":"https:\/\/www.celiacscatalunya.org\/blog\/wp-json\/wp\/v2\/media\/346"}],"wp:attachment":[{"href":"https:\/\/www.celiacscatalunya.org\/blog\/wp-json\/wp\/v2\/media?parent=345"}],"wp:term":[{"taxonomy":"category","embeddable":true,"href":"https:\/\/www.celiacscatalunya.org\/blog\/wp-json\/wp\/v2\/categories?post=345"},{"taxonomy":"post_tag","embeddable":true,"href":"https:\/\/www.celiacscatalunya.org\/blog\/wp-json\/wp\/v2\/tags?post=345"}],"curies":[{"name":"wp","href":"https:\/\/api.w.org\/{rel}","templated":true}]}}