{"id":366,"date":"2018-02-14T08:30:08","date_gmt":"2018-02-14T08:30:08","guid":{"rendered":"http:\/\/www.celiacscatalunya.org\/blog\/?p=366"},"modified":"2018-02-14T08:48:27","modified_gmt":"2018-02-14T08:48:27","slug":"celiacs-de-catalunya-i-mercadona-presenten-un-nou-conte-per-explicar-la-celiaquia-als-mes-petits","status":"publish","type":"post","link":"https:\/\/www.celiacscatalunya.org\/blog\/celiacs-de-catalunya-i-mercadona-presenten-un-nou-conte-per-explicar-la-celiaquia-als-mes-petits\/","title":{"rendered":"Cel\u00edacs de Catalunya i Mercadona presenten un nou conte per explicar la celiaquia als m\u00e9s petits"},"content":{"rendered":"<p style=\"text-align: justify;\"><span style=\"font-family: verdana, geneva, sans-serif; font-size: 10pt;\"><strong>L\u2019<a href=\"http:\/\/www.celiacscatalunya.org\">Associaci\u00f3 de Cel\u00edacs de Catalunya<\/a>, en col\u00b7laboraci\u00f3 amb <a href=\"https:\/\/www.mercadona.es\/es\/inicio\">Mercadona<\/a>, ha editat un nou conte per explicar als m\u00e9s petits qu\u00e8 \u00e9s la celiaquia<\/strong><\/span><\/p>\n<p style=\"text-align: justify;\"><!--more--><\/p>\n<p style=\"text-align: justify;\"><span style=\"font-family: verdana, geneva, sans-serif; font-size: 10pt;\">El llibre <a href=\"https:\/\/www.celiacscatalunya.org\/ca\/la_colla_celiaca\"><strong><u>La colla cel\u00edaca<\/u><\/strong><\/a> t\u00e9 com a objectiu oferir un material divulgatiu amb qu\u00e8 els pares i mares d\u2019infants cel\u00edacs puguin explicar als seus fills com conviure amb la celiaquia al llarg de la seva vida, amb un llenguatge adaptat al p\u00fablic infantil, carregat d&#8217;il\u00b7lustracions per fer-lo m\u00e9s comprensible i divertit per a la canalla. L&#8217;experi\u00e8ncia dels quatre protagonistes, l\u2019Ona, en Lluc, l\u2019Estel i l\u2019Oriol, ajuda a con\u00e8ixer i entendre millor la malaltia, i com aquesta pot afectar la conviv\u00e8ncia i el dia a dia de la nena o el nen amb celiaquia.<\/span><\/p>\n<p style=\"text-align: justify;\"><img data-attachment-id=\"142\" data-permalink=\"https:\/\/www.celiacscatalunya.org\/blog\/?attachment_id=142\" data-orig-file=\"https:\/\/i2.wp.com\/www.celiacscatalunya.org\/blog\/wp-content\/uploads\/2017\/10\/IMG-20171016-WA0004-1.jpg?fit=1600%2C901&amp;ssl=1\" data-orig-size=\"1600,901\" data-comments-opened=\"1\" data-image-meta=\"{&quot;aperture&quot;:&quot;0&quot;,&quot;credit&quot;:&quot;&quot;,&quot;camera&quot;:&quot;&quot;,&quot;caption&quot;:&quot;&quot;,&quot;created_timestamp&quot;:&quot;0&quot;,&quot;copyright&quot;:&quot;&quot;,&quot;focal_length&quot;:&quot;0&quot;,&quot;iso&quot;:&quot;0&quot;,&quot;shutter_speed&quot;:&quot;0&quot;,&quot;title&quot;:&quot;&quot;,&quot;orientation&quot;:&quot;0&quot;}\" data-image-title=\"IMG-20171016-WA0004\" data-image-description=\"\" data-medium-file=\"https:\/\/i2.wp.com\/www.celiacscatalunya.org\/blog\/wp-content\/uploads\/2017\/10\/IMG-20171016-WA0004-1.jpg?fit=300%2C169&amp;ssl=1\" data-large-file=\"https:\/\/i2.wp.com\/www.celiacscatalunya.org\/blog\/wp-content\/uploads\/2017\/10\/IMG-20171016-WA0004-1.jpg?fit=616%2C347&amp;ssl=1\" decoding=\"async\" loading=\"lazy\" class=\"alignleft wp-image-142 \" src=\"https:\/\/i2.wp.com\/www.celiacscatalunya.org\/blog\/wp-content\/uploads\/2017\/10\/IMG-20171016-WA0004-1.jpg?resize=252%2C142&#038;ssl=1\" alt=\"\" width=\"252\" height=\"142\" srcset=\"https:\/\/i2.wp.com\/www.celiacscatalunya.org\/blog\/wp-content\/uploads\/2017\/10\/IMG-20171016-WA0004-1.jpg?resize=300%2C169&amp;ssl=1 300w, https:\/\/i2.wp.com\/www.celiacscatalunya.org\/blog\/wp-content\/uploads\/2017\/10\/IMG-20171016-WA0004-1.jpg?resize=768%2C432&amp;ssl=1 768w, https:\/\/i2.wp.com\/www.celiacscatalunya.org\/blog\/wp-content\/uploads\/2017\/10\/IMG-20171016-WA0004-1.jpg?resize=1024%2C577&amp;ssl=1 1024w, https:\/\/i2.wp.com\/www.celiacscatalunya.org\/blog\/wp-content\/uploads\/2017\/10\/IMG-20171016-WA0004-1.jpg?resize=816%2C460&amp;ssl=1 816w, https:\/\/i2.wp.com\/www.celiacscatalunya.org\/blog\/wp-content\/uploads\/2017\/10\/IMG-20171016-WA0004-1.jpg?w=1600&amp;ssl=1 1600w, https:\/\/i2.wp.com\/www.celiacscatalunya.org\/blog\/wp-content\/uploads\/2017\/10\/IMG-20171016-WA0004-1.jpg?w=1232&amp;ssl=1 1232w\" sizes=\"(max-width: 252px) 100vw, 252px\" data-recalc-dims=\"1\" \/><\/p>\n<p style=\"text-align: justify;\"><img data-attachment-id=\"139\" data-permalink=\"https:\/\/www.celiacscatalunya.org\/blog\/?attachment_id=139\" data-orig-file=\"https:\/\/i1.wp.com\/www.celiacscatalunya.org\/blog\/wp-content\/uploads\/2017\/10\/IMG-20171016-WA0006.jpg?fit=1600%2C901&amp;ssl=1\" data-orig-size=\"1600,901\" data-comments-opened=\"1\" data-image-meta=\"{&quot;aperture&quot;:&quot;0&quot;,&quot;credit&quot;:&quot;&quot;,&quot;camera&quot;:&quot;&quot;,&quot;caption&quot;:&quot;&quot;,&quot;created_timestamp&quot;:&quot;0&quot;,&quot;copyright&quot;:&quot;&quot;,&quot;focal_length&quot;:&quot;0&quot;,&quot;iso&quot;:&quot;0&quot;,&quot;shutter_speed&quot;:&quot;0&quot;,&quot;title&quot;:&quot;&quot;,&quot;orientation&quot;:&quot;0&quot;}\" data-image-title=\"IMG-20171016-WA0006\" data-image-description=\"\" data-medium-file=\"https:\/\/i1.wp.com\/www.celiacscatalunya.org\/blog\/wp-content\/uploads\/2017\/10\/IMG-20171016-WA0006.jpg?fit=300%2C169&amp;ssl=1\" data-large-file=\"https:\/\/i1.wp.com\/www.celiacscatalunya.org\/blog\/wp-content\/uploads\/2017\/10\/IMG-20171016-WA0006.jpg?fit=616%2C347&amp;ssl=1\" decoding=\"async\" loading=\"lazy\" class=\"alignnone wp-image-139 \" src=\"https:\/\/i1.wp.com\/www.celiacscatalunya.org\/blog\/wp-content\/uploads\/2017\/10\/IMG-20171016-WA0006.jpg?resize=270%2C152&#038;ssl=1\" alt=\"\" width=\"270\" height=\"152\" srcset=\"https:\/\/i1.wp.com\/www.celiacscatalunya.org\/blog\/wp-content\/uploads\/2017\/10\/IMG-20171016-WA0006.jpg?resize=300%2C169&amp;ssl=1 300w, https:\/\/i1.wp.com\/www.celiacscatalunya.org\/blog\/wp-content\/uploads\/2017\/10\/IMG-20171016-WA0006.jpg?resize=768%2C432&amp;ssl=1 768w, https:\/\/i1.wp.com\/www.celiacscatalunya.org\/blog\/wp-content\/uploads\/2017\/10\/IMG-20171016-WA0006.jpg?resize=1024%2C577&amp;ssl=1 1024w, https:\/\/i1.wp.com\/www.celiacscatalunya.org\/blog\/wp-content\/uploads\/2017\/10\/IMG-20171016-WA0006.jpg?resize=816%2C460&amp;ssl=1 816w, https:\/\/i1.wp.com\/www.celiacscatalunya.org\/blog\/wp-content\/uploads\/2017\/10\/IMG-20171016-WA0006.jpg?w=1600&amp;ssl=1 1600w, https:\/\/i1.wp.com\/www.celiacscatalunya.org\/blog\/wp-content\/uploads\/2017\/10\/IMG-20171016-WA0006.jpg?w=1232&amp;ssl=1 1232w\" sizes=\"(max-width: 270px) 100vw, 270px\" data-recalc-dims=\"1\" \/><\/p>\n<p style=\"text-align: justify;\"><span style=\"font-family: verdana, geneva, sans-serif; font-size: 10pt;\">En aquesta primera edici\u00f3 del nou llibre, s&#8217;han impr\u00e8s 3.000 exemplars que es lliuraran a les nenes i els nens que acudeixin a l&#8217;Associaci\u00f3 de Cel\u00edacs de Catalunya per rebre assessorament.<\/span><\/p>\n<p style=\"text-align: justify;\"><span style=\"font-family: verdana, geneva, sans-serif; font-size: 10pt;\">La relaci\u00f3 de Mercadona amb el col\u00b7lectiu cel\u00edac es va iniciar fa m\u00e9s de setze anys com a resposta a les necessitats i peticions que ens feien els nostres clients cel\u00edacs i les seves fam\u00edlies. Fruit d&#8217;aquesta necessitat i de la col\u00b7laboraci\u00f3 amb totes i cadascuna de les associacions de cel\u00edacs de tot Espanya, Mercadona no nom\u00e9s s&#8217;ha comprom\u00e8s a oferir un ampli assortiment de <strong>productes sense gluten<\/strong> amb les m\u00e0ximes garanties de seguretat aliment\u00e0ria i qualitat, que actualment es compon de prop de 1.200 refer\u00e8ncies, sin\u00f3 que tamb\u00e9 fomenta iniciatives formatives i divulgatives que ajuden a con\u00e8ixer i comprendre millor la celiaquia.<\/span><\/p>\n<p style=\"text-align: justify;\"><img data-attachment-id=\"140\" data-permalink=\"https:\/\/www.celiacscatalunya.org\/blog\/?attachment_id=140\" data-orig-file=\"https:\/\/i1.wp.com\/www.celiacscatalunya.org\/blog\/wp-content\/uploads\/2017\/10\/IMG-20171016-WA0009.jpg?fit=1600%2C901&amp;ssl=1\" data-orig-size=\"1600,901\" data-comments-opened=\"1\" data-image-meta=\"{&quot;aperture&quot;:&quot;0&quot;,&quot;credit&quot;:&quot;&quot;,&quot;camera&quot;:&quot;&quot;,&quot;caption&quot;:&quot;&quot;,&quot;created_timestamp&quot;:&quot;0&quot;,&quot;copyright&quot;:&quot;&quot;,&quot;focal_length&quot;:&quot;0&quot;,&quot;iso&quot;:&quot;0&quot;,&quot;shutter_speed&quot;:&quot;0&quot;,&quot;title&quot;:&quot;&quot;,&quot;orientation&quot;:&quot;0&quot;}\" data-image-title=\"IMG-20171016-WA0009\" data-image-description=\"\" data-medium-file=\"https:\/\/i1.wp.com\/www.celiacscatalunya.org\/blog\/wp-content\/uploads\/2017\/10\/IMG-20171016-WA0009.jpg?fit=300%2C169&amp;ssl=1\" data-large-file=\"https:\/\/i1.wp.com\/www.celiacscatalunya.org\/blog\/wp-content\/uploads\/2017\/10\/IMG-20171016-WA0009.jpg?fit=616%2C347&amp;ssl=1\" decoding=\"async\" loading=\"lazy\" class=\"aligncenter wp-image-140\" src=\"https:\/\/i1.wp.com\/www.celiacscatalunya.org\/blog\/wp-content\/uploads\/2017\/10\/IMG-20171016-WA0009.jpg?resize=261%2C147&#038;ssl=1\" alt=\"\" width=\"261\" height=\"147\" srcset=\"https:\/\/i1.wp.com\/www.celiacscatalunya.org\/blog\/wp-content\/uploads\/2017\/10\/IMG-20171016-WA0009.jpg?resize=300%2C169&amp;ssl=1 300w, https:\/\/i1.wp.com\/www.celiacscatalunya.org\/blog\/wp-content\/uploads\/2017\/10\/IMG-20171016-WA0009.jpg?resize=768%2C432&amp;ssl=1 768w, https:\/\/i1.wp.com\/www.celiacscatalunya.org\/blog\/wp-content\/uploads\/2017\/10\/IMG-20171016-WA0009.jpg?resize=1024%2C577&amp;ssl=1 1024w, https:\/\/i1.wp.com\/www.celiacscatalunya.org\/blog\/wp-content\/uploads\/2017\/10\/IMG-20171016-WA0009.jpg?resize=816%2C460&amp;ssl=1 816w, https:\/\/i1.wp.com\/www.celiacscatalunya.org\/blog\/wp-content\/uploads\/2017\/10\/IMG-20171016-WA0009.jpg?w=1600&amp;ssl=1 1600w, https:\/\/i1.wp.com\/www.celiacscatalunya.org\/blog\/wp-content\/uploads\/2017\/10\/IMG-20171016-WA0009.jpg?w=1232&amp;ssl=1 1232w\" sizes=\"(max-width: 261px) 100vw, 261px\" data-recalc-dims=\"1\" \/><\/p>\n<p style=\"text-align: justify;\"><span style=\"font-family: verdana, geneva, sans-serif; font-size: 10pt;\">Tot aix\u00f2 amb el comprom\u00eds que amb les accions divulgatives i formatives que duen a terme totes les associacions de cel\u00edacs i Mercadona, ajudin a un millor coneixement de la malaltia i a millorar \u00a0la qualitat de vida de les persones amb celiaquia.<\/span><\/p>\n<p style=\"text-align: justify;\"><span style=\"font-family: verdana, geneva, sans-serif; font-size: 10pt;\"><strong>Que \u00e9s la celiaquia o malaltia cel\u00edaca<\/strong><\/span><\/p>\n<p style=\"text-align: justify;\"><span style=\"font-family: verdana, geneva, sans-serif; font-size: 10pt;\">El gluten \u00e9s una de les prote\u00efnes presents als cereals: blat, ordi, s\u00e8gol, espelta, Kamut\u00ae, triticale i algunes varietats de civada. La <strong>celiaquia o malaltia cel\u00edaca<\/strong> \u00e9s un dels trastorns sist\u00e8mics de base autoimmune present en individus predisposats gen\u00e8ticament i que es caracteritza per una reacci\u00f3 inflamat\u00f2ria que acaba ocasionant la desaparici\u00f3 de les vellositats de l&#8217;intest\u00ed prim, de manera que els aliments no s&#8217;absorbeixen correctament. L&#8217;\u00fanic tractament efica\u00e7 \u00e9s una<strong> dieta sense gluten,<\/strong> que s&#8217;ha de seguir durant tota la vida, amb els components personals i socials que aix\u00f2 suposa.<\/span><\/p>\n","protected":false},"excerpt":{"rendered":"<p>L\u2019Associaci\u00f3 de Cel\u00edacs de Catalunya, en col\u00b7laboraci\u00f3 amb Mercadona, ha editat un nou conte per explicar als m\u00e9s petits qu\u00e8 \u00e9s la celiaquia<\/p>\n","protected":false},"author":3,"featured_media":367,"comment_status":"open","ping_status":"closed","sticky":false,"template":"","format":"standard","meta":{"spay_email":"","jetpack_publicize_message":""},"categories":[37,33,32],"tags":[12,53,29,51,36,35],"jetpack_featured_media_url":"https:\/\/i2.wp.com\/www.celiacscatalunya.org\/blog\/wp-content\/uploads\/2018\/02\/Colla-Celiaca.png?fit=300%2C221&ssl=1","jetpack_publicize_connections":[],"jetpack_sharing_enabled":true,"jetpack_shortlink":"https:\/\/wp.me\/p9jMUf-5U","jetpack-related-posts":[],"_links":{"self":[{"href":"https:\/\/www.celiacscatalunya.org\/blog\/wp-json\/wp\/v2\/posts\/366"}],"collection":[{"href":"https:\/\/www.celiacscatalunya.org\/blog\/wp-json\/wp\/v2\/posts"}],"about":[{"href":"https:\/\/www.celiacscatalunya.org\/blog\/wp-json\/wp\/v2\/types\/post"}],"author":[{"embeddable":true,"href":"https:\/\/www.celiacscatalunya.org\/blog\/wp-json\/wp\/v2\/users\/3"}],"replies":[{"embeddable":true,"href":"https:\/\/www.celiacscatalunya.org\/blog\/wp-json\/wp\/v2\/comments?post=366"}],"version-history":[{"count":4,"href":"https:\/\/www.celiacscatalunya.org\/blog\/wp-json\/wp\/v2\/posts\/366\/revisions"}],"predecessor-version":[{"id":371,"href":"https:\/\/www.celiacscatalunya.org\/blog\/wp-json\/wp\/v2\/posts\/366\/revisions\/371"}],"wp:featuredmedia":[{"embeddable":true,"href":"https:\/\/www.celiacscatalunya.org\/blog\/wp-json\/wp\/v2\/media\/367"}],"wp:attachment":[{"href":"https:\/\/www.celiacscatalunya.org\/blog\/wp-json\/wp\/v2\/media?parent=366"}],"wp:term":[{"taxonomy":"category","embeddable":true,"href":"https:\/\/www.celiacscatalunya.org\/blog\/wp-json\/wp\/v2\/categories?post=366"},{"taxonomy":"post_tag","embeddable":true,"href":"https:\/\/www.celiacscatalunya.org\/blog\/wp-json\/wp\/v2\/tags?post=366"}],"curies":[{"name":"wp","href":"https:\/\/api.w.org\/{rel}","templated":true}]}}