{"id":419,"date":"2018-03-21T10:44:35","date_gmt":"2018-03-21T10:44:35","guid":{"rendered":"http:\/\/www.celiacscatalunya.org\/blog\/?p=419"},"modified":"2018-03-21T10:52:37","modified_gmt":"2018-03-21T10:52:37","slug":"el-defensor-del-poble-insta-a-hisenda-a-estudiar-una-deduccio-fiscal-per-compensar-les-despeses-de-la-cistella-de-la-compra-a-les-persones-celiaques","status":"publish","type":"post","link":"https:\/\/www.celiacscatalunya.org\/blog\/el-defensor-del-poble-insta-a-hisenda-a-estudiar-una-deduccio-fiscal-per-compensar-les-despeses-de-la-cistella-de-la-compra-a-les-persones-celiaques\/","title":{"rendered":"El Defensor del Poble insta a Hisenda a estudiar una deducci\u00f3 fiscal per compensar les despeses de la cistella de la compra a les persones cel\u00edaques."},"content":{"rendered":"<p style=\"text-align: justify;\"><span style=\"font-family: verdana, geneva, sans-serif; font-size: 10pt;\"><a href=\"https:\/\/www.defensordelpueblo.es\/\"><strong>El Defensor del Poble <\/strong><\/a>va presentar l&#8217;<strong>estudi \u201cLa situaci\u00f3 de les persones amb malaltia cel\u00edaca a Espanya\u201d<\/strong> que dirigeix <strong>22 recomanacions a 59 organismes<\/strong> de les administracions estatal i auton\u00f2mica per millorar la vida de les persones que sofreixen aquesta malaltia cr\u00f2nica l&#8217;\u00fanic tractament de la qual possible \u00e9s seguir una dieta sense gluten. <strong>L&#8217;objectiu de l&#8217;estudi \u00e9s animar a la recerca de la malaltia, divulgar la import\u00e0ncia dels diagn\u00f2stics, la necessitat de l&#8217;especialitzaci\u00f3 m\u00e8dica, donar a con\u00e8ixer les necessitats i els costos en productes alimentosos <\/strong>d&#8217;aquestes persones, i, en molts casos, les dificultats a les quals s&#8217;enfronten per seguir la seva dieta. <\/span><\/p>\n<p style=\"text-align: justify;\"><!--more--><\/p>\n<p style=\"text-align: justify;\"><span style=\"font-family: verdana, geneva, sans-serif; font-size: 10pt;\">La Instituci\u00f3 ha demanat <strong>garantir l&#8217;acc\u00e9s als aliments sense gluten en condicions de seguretat<\/strong>. Aix\u00ed, ha recomanat <strong>pol\u00edtiques de suport a les empreses d&#8217;hostaleria i restauraci\u00f3<\/strong> perqu\u00e8 <strong>ofereixin men\u00fas adaptats a les necessitats de les persones amb malaltia cel\u00edaca o amb altres al\u00b7l\u00e8rgies i intoler\u00e0ncies aliment\u00e0ries<\/strong><strong>.<\/strong><\/span><\/p>\n<p style=\"text-align: justify;\"><span style=\"font-family: verdana, geneva, sans-serif; font-size: 10pt;\">Una de les <strong>recomanacions<\/strong> que realitza el Defensor del Poble est\u00e0 dirigida a la <strong>Secretaria d\u2019Estat d\u2019Hisenda<\/strong>, a la que insta a realitzar un estudi sobre la possibilitat d\u2019establir una <strong>deducci\u00f3 a la quota diferencial de l\u2019impost sobre la renta de les persones f\u00edsiques<\/strong>. O un increment del m\u00ednim personal i familiar, per compensar les necessitats econ\u00f2miques associades a la malaltia cel\u00edaca. Recorda que, la despesa que tenen les fam\u00edlies a les quals algun membre pateix de celiaquia, no est\u00e0 compensada a l\u2019actual configuraci\u00f3 de l\u2019impost amb el m\u00ednim personal i familiar. Matisa l\u2019agravi comparatiu remarcant que la renta disponible no \u00e9s la mateixa que la dels que no han de suportar un sobrecost per tractar la malaltia.<\/span><\/p>\n<p style=\"text-align: justify;\"><span style=\"font-family: verdana, geneva, sans-serif; font-size: 10pt;\">Tanmateix, el Defensor del Poble <strong>ha instat al Ministeri de Sanitat<\/strong> a definir un marc de <strong>prestacions sociosanit\u00e0ries per a les persones amb malaltia cel\u00edaca<\/strong> i ha demanat <strong>a les Comunitats Aut\u00f2nomes<\/strong> que coordinin <strong>mesures de compensaci\u00f3 per a aquells pacients als quals el tractament integral suposa un increment de costos econ\u00f2mics<\/strong>. La instituci\u00f3 tamb\u00e9 considera necessari <strong>estudiar deduccions fiscals<\/strong> per compensar les exig\u00e8ncies econ\u00f2miques associades a la celiaquia.<\/span><\/p>\n<p style=\"text-align: justify;\"><span style=\"font-family: verdana, geneva, sans-serif; font-size: 10pt;\">Actualment <u>l\u2019\u00fanic tractament de la celiaquia \u00e9s el seguiment d\u2019una dieta estricta sense gluten de per vida. El llindar de seguretat de gluten per un cel\u00edac \u00e9s de 20 parts per mili\u00f3<\/u> (20 ppm), que \u00e9s el que es considera que un producte \u00e9s lliure de gluten. No existeixen graus de celiaquia, per tant tots els cel\u00edacs sense exempci\u00f3, tinguin sistematologia externa o no, en consumir una quantitat superior a 20 ppm de gluten veuran danyades les seves vellositats intestinals i per tant tindr\u00e0 a llarg termini conseq\u00fc\u00e8ncies severes per la seva salut.<\/span><\/p>\n<p style=\"text-align: justify;\"><span style=\"font-family: verdana, geneva, sans-serif; font-size: 10pt;\">Estudis comparatius revelen que al nostre pa\u00eds <strong>els productes sense gluten s\u00f3n un 273% m\u00e9s cars que els que contenen aquesta prote\u00efna<\/strong>, actualment ni els governs de Catalunya ni d\u2019Espanya ofereixen cap tipus de bonificaci\u00f3 ni subvenci\u00f3 a les fam\u00edlies cel\u00edaques amb pocs recursos, a difer\u00e8ncia de la majoria dels pa\u00efsos europeus que atorguen ajudes directes o indirectes als malalts cel\u00edacs per fer front al sobre cost del producte sense gluten, que s\u00f3n de fet la seva \u00fanica medicina. Al nostre pa\u00eds fer front a la desviaci\u00f3 de m\u00e9s de 1.000 euros anuals a la cistella b\u00e0sica de la compra (nom\u00e9s productes b\u00e0sics) recau \u00fanica i exclusivament en el malalt i els seus familiars.<\/span><\/p>\n<p style=\"text-align: justify;\"><span style=\"font-family: verdana, geneva, sans-serif; font-size: 10pt;\">Val a dir que en el cas de les al\u00b7l\u00e8rgies alimentaries no hi ha un increment de preus perqu\u00e8 el producte sigui sense els altres al\u00b7l\u00e8rgens (ou, api, marisc, llet, etc..) cosa que si passa amb els productes sense gluten, ja que en el cas dels productes espec\u00edfics sense gluten es requereix per la fabricaci\u00f3 un increment de costos RD+I importants per la ind\u00fastria per aconseguir l\u2019elasticitat i esponjositat que confereix el gluten a altres formulacions que no en continguin i a m\u00e9s assegurar l\u2019abs\u00e8ncia de contaminaci\u00f3 creuada.<\/span><\/p>\n<p style=\"text-align: justify;\"><span style=\"font-family: verdana, geneva, sans-serif; font-size: 10pt;\"><a href=\"https:\/\/www.defensordelpueblo.es\/wp-content\/uploads\/2017\/04\/Celiaquia_2017-1.pdf\"><strong>Acc\u00e9s a l&#8217;estudi<\/strong><\/a><strong> \u201cLa situaci\u00f3 de les persones amb malaltia cel\u00edaca a Espanya\u201d<\/strong><\/span><\/p>\n","protected":false},"excerpt":{"rendered":"<p>El Defensor del Poble va presentar l&#8217;estudi \u201cLa situaci\u00f3 de les persones amb malaltia cel\u00edaca a Espanya\u201d que dirigeix 22 recomanacions a 59 organismes de les administracions estatal i auton\u00f2mica per millorar la vida de les persones que sofreixen aquesta malaltia cr\u00f2nica l&#8217;\u00fanic tractament de la qual possible \u00e9s seguir una dieta sense gluten. L&#8217;objectiu [&hellip;]<\/p>\n","protected":false},"author":3,"featured_media":423,"comment_status":"open","ping_status":"closed","sticky":false,"template":"","format":"standard","meta":{"spay_email":"","jetpack_publicize_message":""},"categories":[22,97,10],"tags":[47,15,28,53,44,38],"jetpack_featured_media_url":"https:\/\/i1.wp.com\/www.celiacscatalunya.org\/blog\/wp-content\/uploads\/2018\/03\/Defensor-del-Pueblo-1.png?fit=400%2C223&ssl=1","jetpack_publicize_connections":[],"jetpack_sharing_enabled":true,"jetpack_shortlink":"https:\/\/wp.me\/p9jMUf-6L","jetpack-related-posts":[],"_links":{"self":[{"href":"https:\/\/www.celiacscatalunya.org\/blog\/wp-json\/wp\/v2\/posts\/419"}],"collection":[{"href":"https:\/\/www.celiacscatalunya.org\/blog\/wp-json\/wp\/v2\/posts"}],"about":[{"href":"https:\/\/www.celiacscatalunya.org\/blog\/wp-json\/wp\/v2\/types\/post"}],"author":[{"embeddable":true,"href":"https:\/\/www.celiacscatalunya.org\/blog\/wp-json\/wp\/v2\/users\/3"}],"replies":[{"embeddable":true,"href":"https:\/\/www.celiacscatalunya.org\/blog\/wp-json\/wp\/v2\/comments?post=419"}],"version-history":[{"count":2,"href":"https:\/\/www.celiacscatalunya.org\/blog\/wp-json\/wp\/v2\/posts\/419\/revisions"}],"predecessor-version":[{"id":422,"href":"https:\/\/www.celiacscatalunya.org\/blog\/wp-json\/wp\/v2\/posts\/419\/revisions\/422"}],"wp:featuredmedia":[{"embeddable":true,"href":"https:\/\/www.celiacscatalunya.org\/blog\/wp-json\/wp\/v2\/media\/423"}],"wp:attachment":[{"href":"https:\/\/www.celiacscatalunya.org\/blog\/wp-json\/wp\/v2\/media?parent=419"}],"wp:term":[{"taxonomy":"category","embeddable":true,"href":"https:\/\/www.celiacscatalunya.org\/blog\/wp-json\/wp\/v2\/categories?post=419"},{"taxonomy":"post_tag","embeddable":true,"href":"https:\/\/www.celiacscatalunya.org\/blog\/wp-json\/wp\/v2\/tags?post=419"}],"curies":[{"name":"wp","href":"https:\/\/api.w.org\/{rel}","templated":true}]}}