{"id":487,"date":"2018-05-16T13:25:53","date_gmt":"2018-05-16T11:25:53","guid":{"rendered":"http:\/\/www.celiacscatalunya.org\/blog\/?p=487"},"modified":"2018-05-16T15:58:10","modified_gmt":"2018-05-16T13:58:10","slug":"16-de-maig-dia-internacional-de-la-celiaquia","status":"publish","type":"post","link":"https:\/\/www.celiacscatalunya.org\/blog\/16-de-maig-dia-internacional-de-la-celiaquia\/","title":{"rendered":"16 de maig: Dia Internacional de la Celiaquia"},"content":{"rendered":"<p style=\"text-align: justify;\"><span style=\"font-family: verdana, geneva, sans-serif; font-size: 10pt;\">El 16 de maig de 2018 \u00e9s el <strong>Dia Internacional de la Celiaquia 2018<\/strong> i enguany posa el focus en la sensibilitzaci\u00f3 de l\u2019administraci\u00f3 p\u00fablica i els professionals de la salut. La <strong>celiaquia<\/strong> \u00e9s la malaltia aliment\u00e0ria cr\u00f2nica m\u00e9s freq\u00fcent entre els nens d\u2019Europa, la prevalen\u00e7a de la qual ha crescut durant les \u00faltimes d\u00e8cades. Tanmateix,<strong> fins en un 80% dels casos la malaltia cel\u00edaca en infants segueix sense diagnosticar-se<\/strong>, fet que pot comportar greus problemes de salut.<\/span><\/p>\n<p style=\"text-align: justify;\"><!--more--><\/p>\n<p style=\"text-align: justify;\"><span style=\"font-family: verdana, geneva, sans-serif; font-size: 10pt;\">L\u2019<strong><a href=\"http:\/\/www.espghan.org\/\" target=\"_blank\" rel=\"noopener noreferrer\">ESPGHAN<\/a><\/strong> i l\u2019<strong><a href=\"https:\/\/www.aoecs.org\/\" target=\"_blank\" rel=\"noopener noreferrer\">AOECS<\/a> <\/strong>demanen a l\u2019<a href=\"https:\/\/europa.eu\/european-union\/index_es\" target=\"_blank\" rel=\"noopener noreferrer\">EU<\/a> i als seus Estats Membres que utilitzin programes efectius de detecci\u00f3 de la celiaquia per aconseguir un diagn\u00f2stic preco\u00e7 de la malaltia en nens.<\/span><\/p>\n<p style=\"text-align: justify;\"><span style=\"font-family: verdana, geneva, sans-serif; font-size: 10pt;\">Les dues societats s\u2019han unit per elaborar un <strong><a href=\"https:\/\/www.celiacscatalunya.org\/pdfs\/Catalan%20Coeliac%20Manifesto%20update.pdf\">manifest<\/a> per al canvi<\/strong> i s\u2019hi detallen tres passos que cal que es tinguin en compte a tot Europa per tal de promoure un diagn\u00f2stic preco\u00e7:<\/span><br \/>\n<span style=\"font-family: verdana, geneva, sans-serif; font-size: 10pt;\"> <strong>1.<\/strong> Una major sensibilitzaci\u00f3 de la malaltia cel\u00edaca pedi\u00e0trica.<\/span><br \/>\n<span style=\"font-family: verdana, geneva, sans-serif; font-size: 10pt;\"> <strong>2.<\/strong> Que els professionals sanitaris tinguin m\u00e9s coneixement de la malaltia cel\u00edaca, la seva simptomatologia i els grups d\u2019alt risc.<\/span><br \/>\n<span style=\"font-family: verdana, geneva, sans-serif; font-size: 10pt;\"> <strong>3.<\/strong> Establir programes nacionals de detecci\u00f3 per a la identificaci\u00f3 preco\u00e7 de la malaltia cel\u00edaca pedi\u00e0trica.<\/span><br \/>\n<span style=\"font-family: verdana, geneva, sans-serif; font-size: 10pt;\"> Aqu\u00ed podeu veure i descarregar-vos el <a href=\"https:\/\/www.celiacscatalunya.org\/pdfs\/Catalan%20Coeliac%20Manifesto%20update.pdf\" target=\"_blank\" rel=\"noopener noreferrer\">manifest<\/a>\u00a0i a continuaci\u00f3 podeu veure la infografia.<\/span><\/p>\n<p style=\"text-align: justify;\"><span style=\"font-family: verdana, geneva, sans-serif; font-size: 10pt;\">L\u2019Associaci\u00f3 de Cel\u00edacs de Catalunya que formem part de l\u2019AOECS, l\u2019Associaci\u00f3 d\u2019Associacions de Cel\u00edacs d\u2019Europa, ens adherim a aquest manifest.<\/span><\/p>\n<p style=\"text-align: justify;\"><span style=\"font-family: verdana, geneva, sans-serif; font-size: 10pt;\"><em>#DiaInternacionalCeliaquia<\/em><\/span><\/p>\n<p><span style=\"font-family: verdana, geneva, sans-serif; font-size: 10pt;\"><img data-attachment-id=\"505\" data-permalink=\"https:\/\/www.celiacscatalunya.org\/blog\/16-de-maig-dia-internacional-de-la-celiaquia\/infografia-espaghan-3\/\" data-orig-file=\"https:\/\/i1.wp.com\/www.celiacscatalunya.org\/blog\/wp-content\/uploads\/2018\/05\/Infografia-espaghan-2.png?fit=3565%2C5077&amp;ssl=1\" data-orig-size=\"3565,5077\" data-comments-opened=\"1\" data-image-meta=\"{&quot;aperture&quot;:&quot;0&quot;,&quot;credit&quot;:&quot;&quot;,&quot;camera&quot;:&quot;&quot;,&quot;caption&quot;:&quot;&quot;,&quot;created_timestamp&quot;:&quot;0&quot;,&quot;copyright&quot;:&quot;&quot;,&quot;focal_length&quot;:&quot;0&quot;,&quot;iso&quot;:&quot;0&quot;,&quot;shutter_speed&quot;:&quot;0&quot;,&quot;title&quot;:&quot;&quot;,&quot;orientation&quot;:&quot;0&quot;}\" data-image-title=\"Infografia espaghan\" data-image-description=\"\" data-medium-file=\"https:\/\/i1.wp.com\/www.celiacscatalunya.org\/blog\/wp-content\/uploads\/2018\/05\/Infografia-espaghan-2.png?fit=211%2C300&amp;ssl=1\" data-large-file=\"https:\/\/i1.wp.com\/www.celiacscatalunya.org\/blog\/wp-content\/uploads\/2018\/05\/Infografia-espaghan-2.png?fit=616%2C877&amp;ssl=1\" decoding=\"async\" loading=\"lazy\" class=\"aligncenter wp-image-505 size-full\" src=\"https:\/\/i1.wp.com\/www.celiacscatalunya.org\/blog\/wp-content\/uploads\/2018\/05\/Infografia-espaghan-2.png?resize=616%2C877&#038;ssl=1\" alt=\"\" width=\"616\" height=\"877\" srcset=\"https:\/\/i1.wp.com\/www.celiacscatalunya.org\/blog\/wp-content\/uploads\/2018\/05\/Infografia-espaghan-2.png?w=3565&amp;ssl=1 3565w, https:\/\/i1.wp.com\/www.celiacscatalunya.org\/blog\/wp-content\/uploads\/2018\/05\/Infografia-espaghan-2.png?resize=211%2C300&amp;ssl=1 211w, https:\/\/i1.wp.com\/www.celiacscatalunya.org\/blog\/wp-content\/uploads\/2018\/05\/Infografia-espaghan-2.png?resize=768%2C1094&amp;ssl=1 768w, https:\/\/i1.wp.com\/www.celiacscatalunya.org\/blog\/wp-content\/uploads\/2018\/05\/Infografia-espaghan-2.png?resize=719%2C1024&amp;ssl=1 719w, https:\/\/i1.wp.com\/www.celiacscatalunya.org\/blog\/wp-content\/uploads\/2018\/05\/Infografia-espaghan-2.png?resize=816%2C1162&amp;ssl=1 816w, https:\/\/i1.wp.com\/www.celiacscatalunya.org\/blog\/wp-content\/uploads\/2018\/05\/Infografia-espaghan-2.png?w=1232&amp;ssl=1 1232w, https:\/\/i1.wp.com\/www.celiacscatalunya.org\/blog\/wp-content\/uploads\/2018\/05\/Infografia-espaghan-2.png?w=1848&amp;ssl=1 1848w\" sizes=\"(max-width: 616px) 100vw, 616px\" data-recalc-dims=\"1\" \/><\/span><\/p>\n","protected":false},"excerpt":{"rendered":"<p>El 16 de maig de 2018 \u00e9s el Dia Internacional de la Celiaquia 2018 i enguany posa el focus en la sensibilitzaci\u00f3 de l\u2019administraci\u00f3 p\u00fablica i els professionals de la salut. La celiaquia \u00e9s la malaltia aliment\u00e0ria cr\u00f2nica m\u00e9s freq\u00fcent entre els nens d\u2019Europa, la prevalen\u00e7a de la qual ha crescut durant les \u00faltimes d\u00e8cades. [&hellip;]<\/p>\n","protected":false},"author":5,"featured_media":507,"comment_status":"open","ping_status":"closed","sticky":false,"template":"","format":"standard","meta":{"spay_email":"","jetpack_publicize_message":""},"categories":[22,10,84,33],"tags":[47,15,28,53,44],"jetpack_featured_media_url":"https:\/\/i0.wp.com\/www.celiacscatalunya.org\/blog\/wp-content\/uploads\/2018\/05\/Espghan.png?fit=397%2C220&ssl=1","jetpack_publicize_connections":[],"jetpack_sharing_enabled":true,"jetpack_shortlink":"https:\/\/wp.me\/p9jMUf-7R","jetpack-related-posts":[],"_links":{"self":[{"href":"https:\/\/www.celiacscatalunya.org\/blog\/wp-json\/wp\/v2\/posts\/487"}],"collection":[{"href":"https:\/\/www.celiacscatalunya.org\/blog\/wp-json\/wp\/v2\/posts"}],"about":[{"href":"https:\/\/www.celiacscatalunya.org\/blog\/wp-json\/wp\/v2\/types\/post"}],"author":[{"embeddable":true,"href":"https:\/\/www.celiacscatalunya.org\/blog\/wp-json\/wp\/v2\/users\/5"}],"replies":[{"embeddable":true,"href":"https:\/\/www.celiacscatalunya.org\/blog\/wp-json\/wp\/v2\/comments?post=487"}],"version-history":[{"count":8,"href":"https:\/\/www.celiacscatalunya.org\/blog\/wp-json\/wp\/v2\/posts\/487\/revisions"}],"predecessor-version":[{"id":506,"href":"https:\/\/www.celiacscatalunya.org\/blog\/wp-json\/wp\/v2\/posts\/487\/revisions\/506"}],"wp:featuredmedia":[{"embeddable":true,"href":"https:\/\/www.celiacscatalunya.org\/blog\/wp-json\/wp\/v2\/media\/507"}],"wp:attachment":[{"href":"https:\/\/www.celiacscatalunya.org\/blog\/wp-json\/wp\/v2\/media?parent=487"}],"wp:term":[{"taxonomy":"category","embeddable":true,"href":"https:\/\/www.celiacscatalunya.org\/blog\/wp-json\/wp\/v2\/categories?post=487"},{"taxonomy":"post_tag","embeddable":true,"href":"https:\/\/www.celiacscatalunya.org\/blog\/wp-json\/wp\/v2\/tags?post=487"}],"curies":[{"name":"wp","href":"https:\/\/api.w.org\/{rel}","templated":true}]}}