{"id":679,"date":"2018-11-23T12:19:47","date_gmt":"2018-11-23T11:19:47","guid":{"rendered":"http:\/\/www.celiacscatalunya.org\/blog\/?p=679"},"modified":"2018-11-23T12:19:47","modified_gmt":"2018-11-23T11:19:47","slug":"a-celiacs-de-catalunya-ens-han-atorgat-el-premi-premi-boboli-suma-8-000e-en-productes-sense-gluten-per-a-infants-celiacs-en-risc-dexclusio-social","status":"publish","type":"post","link":"https:\/\/www.celiacscatalunya.org\/blog\/a-celiacs-de-catalunya-ens-han-atorgat-el-premi-premi-boboli-suma-8-000e-en-productes-sense-gluten-per-a-infants-celiacs-en-risc-dexclusio-social\/","title":{"rendered":"A Cel\u00edacs de Catalunya ens han atorgat el premi Premi boboli suma: 8.000\u20ac en productes sense gluten per a infants cel\u00edacs en risc d\u2019exclusi\u00f3 social"},"content":{"rendered":"<p><span style=\"font-family: verdana, geneva, sans-serif; font-size: 10pt;\">Acabem la setmana amb una not\u00edcia que ens deixa bon gust de boca:<strong> a Cel\u00edacs de Catalunya ens han atorgat el <a href=\"https:\/\/www.boboli.es\/es\/content\/30-boboli-suma\" target=\"_blank\" rel=\"noopener noreferrer\">Premi boboli suma<\/a>, amb un import de 8.000\u20ac, que destinarem a la <a href=\"https:\/\/www.bancdelsaliments.org\/es\/\" target=\"_blank\" rel=\"noopener noreferrer\">Fundaci\u00f3 Banc d\u2019Aliments<\/a> en forma de productes sense gluten per a nens i nenes cel\u00edacs en risc d\u2019exclusi\u00f3 social.<\/strong><!--more--><\/span><br \/>\n<span style=\"font-family: verdana, geneva, sans-serif; font-size: 10pt;\"> A l\u2019Associaci\u00f3 Cel\u00edacs de Catalunya tenim en marxa el projecte \u201cAlimentant la inf\u00e0ncia cel\u00edaca: panxetes felices\u201d, l\u2019objectiu del qual \u00e9s<strong> proporcionar assessorament, formaci\u00f3 i aliments sense gluten a fam\u00edlies amb nens cel\u00edacs en situaci\u00f3 de vulnerabilitat<\/strong> per reduir el risc que comporta el no seguiment d\u2019una dieta sense gluten, ja que actualment \u00e9s l\u2019\u00fanic tractament de la celiaquia. Recordem que els productes sense gluten s\u00f3n un 287% m\u00e9s cars que els que contenen aquesta prote\u00efna, i moltes fam\u00edlies no poden assumir el sobrecost de l\u2019alimentaci\u00f3 espec\u00edfica per a persones cel\u00edaques, cosa que agreuja encara m\u00e9s l\u2019impacte de la malaltia.<\/span><\/p>\n<p><span style=\"font-family: verdana, geneva, sans-serif; font-size: 10pt;\">El projecte ens permet tractar dos aspectes clau per als nens i nenes cel\u00edacs en risc d\u2019exclusi\u00f3 social: per una banda,<strong> l\u2019acc\u00e9s a productes espec\u00edfics sense gluten<\/strong> i, per altra, <strong>l\u2019assessorament i formaci\u00f3 per poder seguir la dieta de forma correcta<\/strong>. Es dirigeix a 70 fam\u00edlies amb nens de 0 a 12 anys de la ciutat de Barcelona en situaci\u00f3 d\u2019exclusi\u00f3 social amb un membre o m\u00e9s que \u00e9s cel\u00edac. Per arribar a aquestes persones, tenim un conveni amb la Fundaci\u00f3 Banc d\u2019Aliments per donar-los-hi productes sense gluten de forma puntual. Durant el 2017 ja vam estar treballant amb el Banc d\u2019Aliments i vam detectar que els hi arribaven molt pocs productes sense gluten i que, per tant, no podien cobrir les necessitats de les fam\u00edlies amb membres cel\u00edacs i en situaci\u00f3 de vulnerabilitat. Gr\u00e0cies al Premi boboli suma <strong>la donaci\u00f3 permetr\u00e0 cobrir les necessitats d\u2019aquestes fam\u00edlies de forma m\u00e9s cont\u00ednua.<\/strong><\/span><\/p>\n<p><span style=\"font-family: verdana, geneva, sans-serif; font-size: 10pt;\">A m\u00e9s, volem <strong>apoderar a aquestes fam\u00edlies<\/strong>. \u00c9s per aix\u00f2 que des de l\u2019Associaci\u00f3 les formem i assessorem de forma individual perqu\u00e8 els seus fills\/es segueixin correctament la dieta i evitin la contaminaci\u00f3 encreuada.<\/span><\/p>\n<p><span style=\"font-family: verdana, geneva, sans-serif; font-size: 10pt;\">Volem agrair a Boboli que ens hagi atorgat aquest premi, que ens permetr\u00e0 seguir treballant en el projecte \u201cAlimentant la inf\u00e0ncia cel\u00edaca: panxetes felices\u201d, que \u00e9s tan necessari per a les fam\u00edlies amb infants cel\u00edacs i amb risc d\u2019exclusi\u00f3 social.<\/span><\/p>\n<p><img data-attachment-id=\"683\" data-permalink=\"https:\/\/www.celiacscatalunya.org\/blog\/a-celiacs-de-catalunya-ens-han-atorgat-el-premi-premi-boboli-suma-8-000e-en-productes-sense-gluten-per-a-infants-celiacs-en-risc-dexclusio-social\/all-focus-4\/\" data-orig-file=\"https:\/\/i0.wp.com\/www.celiacscatalunya.org\/blog\/wp-content\/uploads\/2018\/11\/premi-boboli.jpg?fit=800%2C632&amp;ssl=1\" data-orig-size=\"800,632\" data-comments-opened=\"1\" data-image-meta=\"{&quot;aperture&quot;:&quot;2&quot;,&quot;credit&quot;:&quot;&quot;,&quot;camera&quot;:&quot;MYA-L41&quot;,&quot;caption&quot;:&quot;All-focus&quot;,&quot;created_timestamp&quot;:&quot;1542882637&quot;,&quot;copyright&quot;:&quot;&quot;,&quot;focal_length&quot;:&quot;3.5&quot;,&quot;iso&quot;:&quot;305&quot;,&quot;shutter_speed&quot;:&quot;0.029996&quot;,&quot;title&quot;:&quot;All-focus&quot;,&quot;orientation&quot;:&quot;1&quot;}\" data-image-title=\"All-focus\" data-image-description=\"\" data-medium-file=\"https:\/\/i0.wp.com\/www.celiacscatalunya.org\/blog\/wp-content\/uploads\/2018\/11\/premi-boboli.jpg?fit=300%2C237&amp;ssl=1\" data-large-file=\"https:\/\/i0.wp.com\/www.celiacscatalunya.org\/blog\/wp-content\/uploads\/2018\/11\/premi-boboli.jpg?fit=616%2C487&amp;ssl=1\" decoding=\"async\" loading=\"lazy\" class=\"size-full wp-image-683\" src=\"https:\/\/i0.wp.com\/www.celiacscatalunya.org\/blog\/wp-content\/uploads\/2018\/11\/premi-boboli.jpg?resize=616%2C487&#038;ssl=1\" alt=\"\" width=\"616\" height=\"487\" srcset=\"https:\/\/i0.wp.com\/www.celiacscatalunya.org\/blog\/wp-content\/uploads\/2018\/11\/premi-boboli.jpg?w=800&amp;ssl=1 800w, https:\/\/i0.wp.com\/www.celiacscatalunya.org\/blog\/wp-content\/uploads\/2018\/11\/premi-boboli.jpg?resize=300%2C237&amp;ssl=1 300w, https:\/\/i0.wp.com\/www.celiacscatalunya.org\/blog\/wp-content\/uploads\/2018\/11\/premi-boboli.jpg?resize=768%2C607&amp;ssl=1 768w\" sizes=\"(max-width: 616px) 100vw, 616px\" data-recalc-dims=\"1\" \/><\/p>\n","protected":false},"excerpt":{"rendered":"<p>Acabem la setmana amb una not\u00edcia que ens deixa bon gust de boca: a Cel\u00edacs de Catalunya ens han atorgat el Premi boboli suma, amb un import de 8.000\u20ac, que destinarem a la Fundaci\u00f3 Banc d\u2019Aliments en forma de productes sense gluten per a nens i nenes cel\u00edacs en risc d\u2019exclusi\u00f3 social.<\/p>\n","protected":false},"author":6,"featured_media":681,"comment_status":"open","ping_status":"closed","sticky":false,"template":"","format":"standard","meta":{"spay_email":"","jetpack_publicize_message":""},"categories":[97],"tags":[],"jetpack_featured_media_url":"https:\/\/i0.wp.com\/www.celiacscatalunya.org\/blog\/wp-content\/uploads\/2018\/11\/premio-boboli-celiacs.jpg?fit=800%2C400&ssl=1","jetpack_publicize_connections":[],"jetpack_sharing_enabled":true,"jetpack_shortlink":"https:\/\/wp.me\/p9jMUf-aX","jetpack-related-posts":[],"_links":{"self":[{"href":"https:\/\/www.celiacscatalunya.org\/blog\/wp-json\/wp\/v2\/posts\/679"}],"collection":[{"href":"https:\/\/www.celiacscatalunya.org\/blog\/wp-json\/wp\/v2\/posts"}],"about":[{"href":"https:\/\/www.celiacscatalunya.org\/blog\/wp-json\/wp\/v2\/types\/post"}],"author":[{"embeddable":true,"href":"https:\/\/www.celiacscatalunya.org\/blog\/wp-json\/wp\/v2\/users\/6"}],"replies":[{"embeddable":true,"href":"https:\/\/www.celiacscatalunya.org\/blog\/wp-json\/wp\/v2\/comments?post=679"}],"version-history":[{"count":4,"href":"https:\/\/www.celiacscatalunya.org\/blog\/wp-json\/wp\/v2\/posts\/679\/revisions"}],"predecessor-version":[{"id":1525,"href":"https:\/\/www.celiacscatalunya.org\/blog\/wp-json\/wp\/v2\/posts\/679\/revisions\/1525"}],"wp:featuredmedia":[{"embeddable":true,"href":"https:\/\/www.celiacscatalunya.org\/blog\/wp-json\/wp\/v2\/media\/681"}],"wp:attachment":[{"href":"https:\/\/www.celiacscatalunya.org\/blog\/wp-json\/wp\/v2\/media?parent=679"}],"wp:term":[{"taxonomy":"category","embeddable":true,"href":"https:\/\/www.celiacscatalunya.org\/blog\/wp-json\/wp\/v2\/categories?post=679"},{"taxonomy":"post_tag","embeddable":true,"href":"https:\/\/www.celiacscatalunya.org\/blog\/wp-json\/wp\/v2\/tags?post=679"}],"curies":[{"name":"wp","href":"https:\/\/api.w.org\/{rel}","templated":true}]}}