{"id":805,"date":"2019-02-05T10:05:39","date_gmt":"2019-02-05T09:05:39","guid":{"rendered":"https:\/\/www.celiacscatalunya.org\/blog\/?p=805"},"modified":"2019-02-05T10:05:41","modified_gmt":"2019-02-05T09:05:41","slug":"neix-el-projecte-espai-amb-oferta-sense-gluten","status":"publish","type":"post","link":"https:\/\/www.celiacscatalunya.org\/blog\/neix-el-projecte-espai-amb-oferta-sense-gluten\/","title":{"rendered":"Neix el projecte \u201cEspai amb oferta sense gluten\u201d"},"content":{"rendered":"<p>Un dels nostres objectius \u00e9s incrementar l\u2019oferta de productes aptes per a persones cel\u00edaques a l\u2019hora de menjar fora de casa \u00a0i \u00e9s per aix\u00f2 que molts dels esfor\u00e7os de l\u2019entitat els destinem al Projecte Restauraci\u00f3. Fruit d\u2019aquest treball, <strong>neix el projecte \u201cEspai amb oferta sense gluten\u201d,<\/strong> <strong>amb l\u2019objectiu que les persones cel\u00edaques puguem localitzar i identificar els llocs on hi ha productes espec\u00edfics sense gluten envasats<\/strong>. Si quedem amb els amics i no sabem a quina cafeteria anar a berenar, podem consultar el mapa a la web de l\u2019Associaci\u00f3 i veure quina ens queda m\u00e9s a prop de les que tenen productes sense gluten envasats!<\/p>\n<p><strong>Com \u00e9s un establiment \u201cEspai amb oferta sense gluten\u201d? <\/strong><\/p>\n<p><img data-attachment-id=\"806\" data-permalink=\"https:\/\/www.celiacscatalunya.org\/blog\/neix-el-projecte-espai-amb-oferta-sense-gluten\/2018_adhesiu_espaiofertasg\/\" data-orig-file=\"https:\/\/i2.wp.com\/www.celiacscatalunya.org\/blog\/wp-content\/uploads\/2019\/02\/2018_Adhesiu_EspaiOfertaSG.png?fit=292%2C472&amp;ssl=1\" data-orig-size=\"292,472\" data-comments-opened=\"1\" data-image-meta=\"{&quot;aperture&quot;:&quot;0&quot;,&quot;credit&quot;:&quot;&quot;,&quot;camera&quot;:&quot;&quot;,&quot;caption&quot;:&quot;&quot;,&quot;created_timestamp&quot;:&quot;0&quot;,&quot;copyright&quot;:&quot;&quot;,&quot;focal_length&quot;:&quot;0&quot;,&quot;iso&quot;:&quot;0&quot;,&quot;shutter_speed&quot;:&quot;0&quot;,&quot;title&quot;:&quot;&quot;,&quot;orientation&quot;:&quot;0&quot;}\" data-image-title=\"2018_Adhesiu_EspaiOfertaSG\" data-image-description=\"\" data-medium-file=\"https:\/\/i2.wp.com\/www.celiacscatalunya.org\/blog\/wp-content\/uploads\/2019\/02\/2018_Adhesiu_EspaiOfertaSG.png?fit=186%2C300&amp;ssl=1\" data-large-file=\"https:\/\/i2.wp.com\/www.celiacscatalunya.org\/blog\/wp-content\/uploads\/2019\/02\/2018_Adhesiu_EspaiOfertaSG.png?fit=292%2C472&amp;ssl=1\" decoding=\"async\" loading=\"lazy\" class=\"size-medium wp-image-806 alignleft\" src=\"https:\/\/i2.wp.com\/www.celiacscatalunya.org\/blog\/wp-content\/uploads\/2019\/02\/2018_Adhesiu_EspaiOfertaSG.png?resize=186%2C300&#038;ssl=1\" alt=\"\" width=\"186\" height=\"300\" srcset=\"https:\/\/i2.wp.com\/www.celiacscatalunya.org\/blog\/wp-content\/uploads\/2019\/02\/2018_Adhesiu_EspaiOfertaSG.png?resize=186%2C300&amp;ssl=1 186w, https:\/\/i2.wp.com\/www.celiacscatalunya.org\/blog\/wp-content\/uploads\/2019\/02\/2018_Adhesiu_EspaiOfertaSG.png?w=292&amp;ssl=1 292w\" sizes=\"(max-width: 186px) 100vw, 186px\" data-recalc-dims=\"1\" \/>\u00c9s aquell establiment que <strong>disposa de producte espec\u00edfic pel col\u00b7lectiu cel\u00edac envasat<\/strong> (galetes, magdalenes, etc.) i se serveix directament al client cel\u00edac sense que el restaurador el manipuli o amb una m\u00ednima manipulaci\u00f3 (per exemple, el restaurador ha obert el producte i l\u2019ha servit al moment al client seguint unes pautes b\u00e0siques per eliminar el risc de contaminaci\u00f3 encreuada).<\/p>\n<p>Aquest establiment disposa d\u2019aquest adhesiu espec\u00edfic per identificar-lo.<\/p>\n<p><strong>IMPORTANT<\/strong>! Quan anem a un <strong>Espai amb oferta sense gluten, <\/strong>hem de tenir present que el producte sense gluten ha d\u2019estar envasat i el restaurador no l\u2019ha d\u2019haver manipulat o manipulat m\u00ednimament. Us ho expliquem amb un exemple:<img data-attachment-id=\"807\" data-permalink=\"https:\/\/www.celiacscatalunya.org\/blog\/neix-el-projecte-espai-amb-oferta-sense-gluten\/sense-gluten\/\" data-orig-file=\"https:\/\/i0.wp.com\/www.celiacscatalunya.org\/blog\/wp-content\/uploads\/2019\/02\/sense-gluten.png?fit=1240%2C700&amp;ssl=1\" data-orig-size=\"1240,700\" data-comments-opened=\"1\" data-image-meta=\"{&quot;aperture&quot;:&quot;0&quot;,&quot;credit&quot;:&quot;&quot;,&quot;camera&quot;:&quot;&quot;,&quot;caption&quot;:&quot;&quot;,&quot;created_timestamp&quot;:&quot;0&quot;,&quot;copyright&quot;:&quot;&quot;,&quot;focal_length&quot;:&quot;0&quot;,&quot;iso&quot;:&quot;0&quot;,&quot;shutter_speed&quot;:&quot;0&quot;,&quot;title&quot;:&quot;&quot;,&quot;orientation&quot;:&quot;0&quot;}\" data-image-title=\"sense gluten\" data-image-description=\"\" data-medium-file=\"https:\/\/i0.wp.com\/www.celiacscatalunya.org\/blog\/wp-content\/uploads\/2019\/02\/sense-gluten.png?fit=300%2C169&amp;ssl=1\" data-large-file=\"https:\/\/i0.wp.com\/www.celiacscatalunya.org\/blog\/wp-content\/uploads\/2019\/02\/sense-gluten.png?fit=616%2C348&amp;ssl=1\" decoding=\"async\" loading=\"lazy\" class=\"alignnone wp-image-807 size-large\" src=\"https:\/\/i0.wp.com\/www.celiacscatalunya.org\/blog\/wp-content\/uploads\/2019\/02\/sense-gluten.png?resize=616%2C348&#038;ssl=1\" alt=\"\" width=\"616\" height=\"348\" srcset=\"https:\/\/i0.wp.com\/www.celiacscatalunya.org\/blog\/wp-content\/uploads\/2019\/02\/sense-gluten.png?resize=1024%2C578&amp;ssl=1 1024w, https:\/\/i0.wp.com\/www.celiacscatalunya.org\/blog\/wp-content\/uploads\/2019\/02\/sense-gluten.png?resize=300%2C169&amp;ssl=1 300w, https:\/\/i0.wp.com\/www.celiacscatalunya.org\/blog\/wp-content\/uploads\/2019\/02\/sense-gluten.png?resize=768%2C434&amp;ssl=1 768w, https:\/\/i0.wp.com\/www.celiacscatalunya.org\/blog\/wp-content\/uploads\/2019\/02\/sense-gluten.png?resize=816%2C461&amp;ssl=1 816w, https:\/\/i0.wp.com\/www.celiacscatalunya.org\/blog\/wp-content\/uploads\/2019\/02\/sense-gluten.png?w=1240&amp;ssl=1 1240w\" sizes=\"(max-width: 616px) 100vw, 616px\" data-recalc-dims=\"1\" \/><strong>Quins establiments poden ser un \u2018Espai oferta sense gluten\u2019? <\/strong><\/p>\n<ul>\n<li>Cafeteries<\/li>\n<li>Fleques, forns<\/li>\n<li>\u00c0rees de servei<\/li>\n<li>Guinguetes<\/li>\n<li>Altres establiments<\/li>\n<\/ul>\n<p>Aquest projecte ja est\u00e0 en marxa i aviat podran consultar els primers establiments de l\u2019\u201cEspai Oferta sense gluten\u201d al mapa de la web <a href=\"http:\/\/www.celiacscatalunya.org\">www.celiacscatalunya.org<\/a> i a l\u2019App \u2018Cel\u00edacsCatalunya\u2019.<\/p>\n<p>Volem ampliar cada cop m\u00e9s la llista d\u2019establiments \u201cEspai amb Oferta Sense Gluten\u201d i \u00e9s per aix\u00f2 que <strong>hem llen\u00e7at la campanya \u201cOn hi ha Espais amb Oferta Sense Gluten?\u201d. <\/strong>Qualsevol establiment que compleixi els requisits pot formar part del programa <strong>de forma gratu\u00efta. <\/strong>Nom\u00e9s cal que <strong>es posi en contacte amb nosaltres i ho sol\u00b7liciti: <\/strong><a href=\"mailto:restauracio@celiacscatalunya.org\"><strong>restauracio<\/strong><strong>@celiacscatalunya.org<\/strong><\/a><strong>.<\/strong><\/p>\n<p><strong>Quins establiments NO s\u00f3n un \u201cEspai amb oferta sense gluten\u201d? <\/strong><\/p>\n<p>Els establiments que <strong>no poden formar<\/strong> <strong>part de<\/strong> <strong>l\u2019\u201cEspai amb oferta sense gluten<\/strong>\u201d <strong>s\u00f3n aquells on es manipulen els aliments i, per tant, hi podria haver risc de contaminaci\u00f3 encreuada<\/strong>. Per exemple, si en una cafeteria es preparen entrepans sense gluten, amanides, etc., aquesta no podria ser inclosa dins del programa \u201c<strong>Espai amb oferta sense gluten\u201d <\/strong>sin\u00f3 que hauria de passar <strong>un proc\u00e9s d\u2019acreditaci\u00f3<\/strong> per part de l\u2019Associaci\u00f3 Cel\u00edacs de Catalunya per comprovar que \u00a0se segueixin les pautes de seguretat aliment\u00e0ria suficients, garantint que el producte ofert sigui apte per a cel\u00edacs. Estar\u00edem parlant, doncs, d\u2019un \u201c<strong>Establiment acreditat Sense Gluten\u201d. <\/strong><\/p>\n","protected":false},"excerpt":{"rendered":"<p>Un dels nostres objectius \u00e9s incrementar l\u2019oferta de productes aptes per a persones cel\u00edaques a l\u2019hora de menjar fora de casa \u00a0i \u00e9s per aix\u00f2 que molts dels esfor\u00e7os de l\u2019entitat els destinem al Projecte Restauraci\u00f3. Fruit d\u2019aquest treball, neix el projecte \u201cEspai amb oferta sense gluten\u201d, amb l\u2019objectiu que les persones cel\u00edaques puguem localitzar [&hellip;]<\/p>\n","protected":false},"author":6,"featured_media":809,"comment_status":"open","ping_status":"closed","sticky":false,"template":"","format":"standard","meta":{"spay_email":"","jetpack_publicize_message":""},"categories":[71,11],"tags":[],"jetpack_featured_media_url":"https:\/\/i1.wp.com\/www.celiacscatalunya.org\/blog\/wp-content\/uploads\/2019\/02\/close-up-cookies-pattern-785425.jpg?fit=6996%2C4350&ssl=1","jetpack_publicize_connections":[],"jetpack_sharing_enabled":true,"jetpack_shortlink":"https:\/\/wp.me\/p9jMUf-cZ","jetpack-related-posts":[],"_links":{"self":[{"href":"https:\/\/www.celiacscatalunya.org\/blog\/wp-json\/wp\/v2\/posts\/805"}],"collection":[{"href":"https:\/\/www.celiacscatalunya.org\/blog\/wp-json\/wp\/v2\/posts"}],"about":[{"href":"https:\/\/www.celiacscatalunya.org\/blog\/wp-json\/wp\/v2\/types\/post"}],"author":[{"embeddable":true,"href":"https:\/\/www.celiacscatalunya.org\/blog\/wp-json\/wp\/v2\/users\/6"}],"replies":[{"embeddable":true,"href":"https:\/\/www.celiacscatalunya.org\/blog\/wp-json\/wp\/v2\/comments?post=805"}],"version-history":[{"count":3,"href":"https:\/\/www.celiacscatalunya.org\/blog\/wp-json\/wp\/v2\/posts\/805\/revisions"}],"predecessor-version":[{"id":1519,"href":"https:\/\/www.celiacscatalunya.org\/blog\/wp-json\/wp\/v2\/posts\/805\/revisions\/1519"}],"wp:featuredmedia":[{"embeddable":true,"href":"https:\/\/www.celiacscatalunya.org\/blog\/wp-json\/wp\/v2\/media\/809"}],"wp:attachment":[{"href":"https:\/\/www.celiacscatalunya.org\/blog\/wp-json\/wp\/v2\/media?parent=805"}],"wp:term":[{"taxonomy":"category","embeddable":true,"href":"https:\/\/www.celiacscatalunya.org\/blog\/wp-json\/wp\/v2\/categories?post=805"},{"taxonomy":"post_tag","embeddable":true,"href":"https:\/\/www.celiacscatalunya.org\/blog\/wp-json\/wp\/v2\/tags?post=805"}],"curies":[{"name":"wp","href":"https:\/\/api.w.org\/{rel}","templated":true}]}}