{"id":824,"date":"2019-03-20T13:14:08","date_gmt":"2019-03-20T12:14:08","guid":{"rendered":"https:\/\/www.celiacscatalunya.org\/blog\/?p=824"},"modified":"2019-03-21T08:12:03","modified_gmt":"2019-03-21T07:12:03","slug":"quina-diferencia-hi-ha-entre-els-productes-amb-el-simbol-sense-gluten-i-els-que-duen-la-marca-simbol-de-lespiga-barrada","status":"publish","type":"post","link":"https:\/\/www.celiacscatalunya.org\/blog\/quina-diferencia-hi-ha-entre-els-productes-amb-el-simbol-sense-gluten-i-els-que-duen-la-marca-simbol-de-lespiga-barrada\/","title":{"rendered":"Quina difer\u00e8ncia hi ha entre els productes amb el s\u00edmbol \u00absense gluten\u00bb i els que duen la marca S\u00edmbol de l&#8217;Espiga Barrada?"},"content":{"rendered":"<p>Estar informats \u00e9s clau! Per aix\u00f2 avui us expliquem la difer\u00e8ncia entre els productes amb el s\u00edmbol \u00absense gluten\u00bb i els que duen la marca S\u00edmbol de l&#8217;Espiga Barrada.<\/p>\n<p><span style=\"font-size: 20px;\"><strong>S\u00edmbol o menci\u00f3 \u00absense gluten\u00bb<\/strong><\/span><\/p>\n<p>Els <strong>productes que duen el s\u00edmbol o menci\u00f3 \u00absense gluten\u00bb s\u00f3n aptes per a persones cel\u00edaques<\/strong>, ja que aquesta identificaci\u00f3 indica que el producte final cont\u00e9 menys de 20ppm de gluten. En aquest cas <strong>\u00e9s el mateix fabricant qui fa un autocontrol del gluten per tal de garantir que el producte final cont\u00e9 menys de 20ppm<\/strong> (que \u00e9s el llindar que marca la legislaci\u00f3 per poder emprar la menci\u00f3 \u00absense gluten\u00bb).<\/p>\n<p>Exemples de diferents marques o mencions \u00absense gluten\u00bb:<\/p>\n<p><img data-attachment-id=\"825\" data-permalink=\"https:\/\/www.celiacscatalunya.org\/blog\/quina-diferencia-hi-ha-entre-els-productes-amb-el-simbol-sense-gluten-i-els-que-duen-la-marca-simbol-de-lespiga-barrada\/logos-sin-gluten\/\" data-orig-file=\"https:\/\/i1.wp.com\/www.celiacscatalunya.org\/blog\/wp-content\/uploads\/2019\/03\/logos-sin-gluten.jpg?fit=800%2C200&amp;ssl=1\" data-orig-size=\"800,200\" data-comments-opened=\"1\" data-image-meta=\"{&quot;aperture&quot;:&quot;0&quot;,&quot;credit&quot;:&quot;&quot;,&quot;camera&quot;:&quot;&quot;,&quot;caption&quot;:&quot;&quot;,&quot;created_timestamp&quot;:&quot;0&quot;,&quot;copyright&quot;:&quot;&quot;,&quot;focal_length&quot;:&quot;0&quot;,&quot;iso&quot;:&quot;0&quot;,&quot;shutter_speed&quot;:&quot;0&quot;,&quot;title&quot;:&quot;&quot;,&quot;orientation&quot;:&quot;1&quot;}\" data-image-title=\"logos sin gluten\" data-image-description=\"\" data-medium-file=\"https:\/\/i1.wp.com\/www.celiacscatalunya.org\/blog\/wp-content\/uploads\/2019\/03\/logos-sin-gluten.jpg?fit=300%2C75&amp;ssl=1\" data-large-file=\"https:\/\/i1.wp.com\/www.celiacscatalunya.org\/blog\/wp-content\/uploads\/2019\/03\/logos-sin-gluten.jpg?fit=616%2C154&amp;ssl=1\" decoding=\"async\" loading=\"lazy\" class=\"alignnone size-full wp-image-825\" src=\"https:\/\/i1.wp.com\/www.celiacscatalunya.org\/blog\/wp-content\/uploads\/2019\/03\/logos-sin-gluten.jpg?resize=616%2C154&#038;ssl=1\" alt=\"\" width=\"616\" height=\"154\" srcset=\"https:\/\/i1.wp.com\/www.celiacscatalunya.org\/blog\/wp-content\/uploads\/2019\/03\/logos-sin-gluten.jpg?w=800&amp;ssl=1 800w, https:\/\/i1.wp.com\/www.celiacscatalunya.org\/blog\/wp-content\/uploads\/2019\/03\/logos-sin-gluten.jpg?resize=300%2C75&amp;ssl=1 300w, https:\/\/i1.wp.com\/www.celiacscatalunya.org\/blog\/wp-content\/uploads\/2019\/03\/logos-sin-gluten.jpg?resize=768%2C192&amp;ssl=1 768w\" sizes=\"(max-width: 616px) 100vw, 616px\" data-recalc-dims=\"1\" \/><\/p>\n<p>Cal una menci\u00f3 especial al <a href=\"http:\/\/consum.gencat.cat\/ca\/lagencia\/codi-de-consum-de-catalunya\/sintesi-dels-drets-de-les-persones-consumidores-i-usuaries\/els-drets-basics-de-les-persones-consumidores\/pacte-per-a-les-persones-celiaques\/\" target=\"_blank\" rel=\"noopener noreferrer\"><strong>Pacte del Cel\u00edac<\/strong> <strong>de l\u2019Agencia del Consum de l<\/strong><strong>a Generalitat de Catalunya<\/strong><\/a>, mitjan\u00e7ant el qual es proporciona de manera gratu\u00efta la marca registrada \u00abapte per cel\u00edacs\u00bb als fabricants que s\u2019hi adhereixen i que permet identificar d&#8217;una manera gr\u00e0fica i r\u00e0pida als consumidors cel\u00edacs aquells productes alimentaris aptes pel seu consum. <img data-attachment-id=\"831\" data-permalink=\"https:\/\/www.celiacscatalunya.org\/blog\/quina-diferencia-hi-ha-entre-els-productes-amb-el-simbol-sense-gluten-i-els-que-duen-la-marca-simbol-de-lespiga-barrada\/pacte-celiac-2\/\" data-orig-file=\"https:\/\/i1.wp.com\/www.celiacscatalunya.org\/blog\/wp-content\/uploads\/2019\/03\/pacte-celiac-1.jpg?fit=331%2C113&amp;ssl=1\" data-orig-size=\"331,113\" data-comments-opened=\"1\" data-image-meta=\"{&quot;aperture&quot;:&quot;0&quot;,&quot;credit&quot;:&quot;&quot;,&quot;camera&quot;:&quot;&quot;,&quot;caption&quot;:&quot;&quot;,&quot;created_timestamp&quot;:&quot;0&quot;,&quot;copyright&quot;:&quot;&quot;,&quot;focal_length&quot;:&quot;0&quot;,&quot;iso&quot;:&quot;0&quot;,&quot;shutter_speed&quot;:&quot;0&quot;,&quot;title&quot;:&quot;&quot;,&quot;orientation&quot;:&quot;0&quot;}\" data-image-title=\"pacte celiac\" data-image-description=\"\" data-medium-file=\"https:\/\/i1.wp.com\/www.celiacscatalunya.org\/blog\/wp-content\/uploads\/2019\/03\/pacte-celiac-1.jpg?fit=300%2C102&amp;ssl=1\" data-large-file=\"https:\/\/i1.wp.com\/www.celiacscatalunya.org\/blog\/wp-content\/uploads\/2019\/03\/pacte-celiac-1.jpg?fit=331%2C113&amp;ssl=1\" decoding=\"async\" loading=\"lazy\" class=\"size-full wp-image-831 alignleft\" src=\"https:\/\/i1.wp.com\/www.celiacscatalunya.org\/blog\/wp-content\/uploads\/2019\/03\/pacte-celiac-1.jpg?resize=331%2C113&#038;ssl=1\" alt=\"\" width=\"331\" height=\"113\" srcset=\"https:\/\/i1.wp.com\/www.celiacscatalunya.org\/blog\/wp-content\/uploads\/2019\/03\/pacte-celiac-1.jpg?w=331&amp;ssl=1 331w, https:\/\/i1.wp.com\/www.celiacscatalunya.org\/blog\/wp-content\/uploads\/2019\/03\/pacte-celiac-1.jpg?resize=300%2C102&amp;ssl=1 300w\" sizes=\"(max-width: 331px) 100vw, 331px\" data-recalc-dims=\"1\" \/>Els productes que duen aquest s\u00edmbol contenen menys de 20ppm i, en aquest cas, <strong>el fabricant es compromet a realitzar un autocontrol espec\u00edfic per a la gesti\u00f3 del gluten que garanteixi que el producte final \u00e9s apte per cel\u00edacs<\/strong>. El pacte del cel\u00edac promou l&#8217;homogene\u00eftzaci\u00f3 de l\u2019etiquetatge sense gluten.<\/p>\n<\/p>\n<p><strong>\u00a0<\/strong><span style=\"font-size: 20px;\"><strong>Marca S\u00edmbol de l\u2019Espiga Barrada<\/strong><\/span><\/p>\n<p>Els<strong> productes que duen la marca <a href=\"https:\/\/www.aoecs.org\/licensing-crossed-grain-symbol\" target=\"_blank\" rel=\"noopener noreferrer\">S\u00edmbol de l\u2019Espiga Barrada<\/a><\/strong> <strong>tamb\u00e9 contenen menys de 20ppm i, per tant, tamb\u00e9 s\u00f3n aptes per a cel\u00edacs<\/strong>. En aquest cas, les empreses que etiqueten els seus productes amb aquest s\u00edmbol <strong>passen un estricte control de certificaci\u00f3 extern<\/strong>.<\/p>\n<p><strong><img data-attachment-id=\"827\" data-permalink=\"https:\/\/www.celiacscatalunya.org\/blog\/quina-diferencia-hi-ha-entre-els-productes-amb-el-simbol-sense-gluten-i-els-que-duen-la-marca-simbol-de-lespiga-barrada\/espiga\/\" data-orig-file=\"https:\/\/i0.wp.com\/www.celiacscatalunya.org\/blog\/wp-content\/uploads\/2019\/03\/espiga.jpg?fit=380%2C358&amp;ssl=1\" data-orig-size=\"380,358\" data-comments-opened=\"1\" data-image-meta=\"{&quot;aperture&quot;:&quot;0&quot;,&quot;credit&quot;:&quot;&quot;,&quot;camera&quot;:&quot;&quot;,&quot;caption&quot;:&quot;&quot;,&quot;created_timestamp&quot;:&quot;0&quot;,&quot;copyright&quot;:&quot;&quot;,&quot;focal_length&quot;:&quot;0&quot;,&quot;iso&quot;:&quot;0&quot;,&quot;shutter_speed&quot;:&quot;0&quot;,&quot;title&quot;:&quot;&quot;,&quot;orientation&quot;:&quot;0&quot;}\" data-image-title=\"espiga\" data-image-description=\"\" data-medium-file=\"https:\/\/i0.wp.com\/www.celiacscatalunya.org\/blog\/wp-content\/uploads\/2019\/03\/espiga.jpg?fit=300%2C283&amp;ssl=1\" data-large-file=\"https:\/\/i0.wp.com\/www.celiacscatalunya.org\/blog\/wp-content\/uploads\/2019\/03\/espiga.jpg?fit=380%2C358&amp;ssl=1\" decoding=\"async\" loading=\"lazy\" class=\"wp-image-827 alignleft\" src=\"https:\/\/i0.wp.com\/www.celiacscatalunya.org\/blog\/wp-content\/uploads\/2019\/03\/espiga.jpg?resize=211%2C199&#038;ssl=1\" alt=\"\" width=\"211\" height=\"199\" srcset=\"https:\/\/i0.wp.com\/www.celiacscatalunya.org\/blog\/wp-content\/uploads\/2019\/03\/espiga.jpg?w=380&amp;ssl=1 380w, https:\/\/i0.wp.com\/www.celiacscatalunya.org\/blog\/wp-content\/uploads\/2019\/03\/espiga.jpg?resize=300%2C283&amp;ssl=1 300w\" sizes=\"(max-width: 211px) 100vw, 211px\" data-recalc-dims=\"1\" \/>La marca<\/strong><strong> S\u00edmbol de l&#8217;Espiga Barrada\u00a0est\u00e0 regulada per<\/strong> <strong>l&#8217;<a href=\"https:\/\/www.aoecs.org\/\" target=\"_blank\" rel=\"noopener noreferrer\">AOECS<\/a><\/strong> (Associaci\u00f3 de Societats Europees de Cel\u00edacs),\u00a0qui delega la concessi\u00f3 del seu \u00fas i control a les seves associacions membres d&#8217;arreu d&#8217;Europa, entre les quals es troba l&#8217;Associaci\u00f3 Cel\u00edacs de Catalunya.<\/p>\n<p>Les empreses que volen etiquetar els seus productes amb la marca S\u00edmbol de l&#8217;Espiga Barrada\u00a0han de certificar-se en el Sistema de Llic\u00e8ncia Europeu, i perqu\u00e8 el s\u00edmbol tingui validesa, aquest ha d&#8217;anar\u00a0acompanyat per un n\u00famero de registre. Per tant, si veieu el s\u00edmbol en un producte, comproveu que sota d\u2019aquest hi hagi el n\u00famero de registre per assegurar-vos que t\u00e9 les garanties que atorga la llic\u00e8ncia.<\/p>\n<p>Tots els productes amb llic\u00e8ncia se sotmeten a <strong>proves de laboratoris acreditats<\/strong> per garantir que el seu contingut en gluten \u00e9s inferior a 20ppm. A m\u00e9s, <strong>la planta de fabricaci\u00f3 s\u2019ha d\u2019auditar un cop a l\u2019any<\/strong> per garantir una correcta gesti\u00f3 del gluten.<\/p>\n<p>Aquesta marca \u00e9s reconeguda internacionalment com el distintiu que m\u00e9s f\u00e0cilment identifiquen els consumidors a l\u2019hora de comprar productes sense gluten i actualment <strong>ja hi ha m\u00e9s de 17.000 productes sense gluten llicenciats a tot Europa<\/strong>. Un <strong>94%<\/strong> dels consumidors cel\u00edacs l\u2019identifiquen com el s\u00edmbol que els proporciona m\u00e9s seguretat a l\u2019hora de fer la compra de productes sense gluten.<\/p>\n","protected":false},"excerpt":{"rendered":"<p>Estar informats \u00e9s clau! Per aix\u00f2 avui us expliquem la difer\u00e8ncia entre els productes amb el s\u00edmbol \u00absense gluten\u00bb i els que duen la marca S\u00edmbol de l&#8217;Espiga Barrada. S\u00edmbol o menci\u00f3 \u00absense gluten\u00bb Els productes que duen el s\u00edmbol o menci\u00f3 \u00absense gluten\u00bb s\u00f3n aptes per a persones cel\u00edaques, ja que aquesta identificaci\u00f3 indica [&hellip;]<\/p>\n","protected":false},"author":6,"featured_media":830,"comment_status":"open","ping_status":"closed","sticky":false,"template":"","format":"standard","meta":{"spay_email":"","jetpack_publicize_message":""},"categories":[79],"tags":[],"jetpack_featured_media_url":"https:\/\/i2.wp.com\/www.celiacscatalunya.org\/blog\/wp-content\/uploads\/2019\/03\/simbol-espiga-barrada.jpg?fit=800%2C543&ssl=1","jetpack_publicize_connections":[],"jetpack_sharing_enabled":true,"jetpack_shortlink":"https:\/\/wp.me\/p9jMUf-di","jetpack-related-posts":[],"_links":{"self":[{"href":"https:\/\/www.celiacscatalunya.org\/blog\/wp-json\/wp\/v2\/posts\/824"}],"collection":[{"href":"https:\/\/www.celiacscatalunya.org\/blog\/wp-json\/wp\/v2\/posts"}],"about":[{"href":"https:\/\/www.celiacscatalunya.org\/blog\/wp-json\/wp\/v2\/types\/post"}],"author":[{"embeddable":true,"href":"https:\/\/www.celiacscatalunya.org\/blog\/wp-json\/wp\/v2\/users\/6"}],"replies":[{"embeddable":true,"href":"https:\/\/www.celiacscatalunya.org\/blog\/wp-json\/wp\/v2\/comments?post=824"}],"version-history":[{"count":8,"href":"https:\/\/www.celiacscatalunya.org\/blog\/wp-json\/wp\/v2\/posts\/824\/revisions"}],"predecessor-version":[{"id":1518,"href":"https:\/\/www.celiacscatalunya.org\/blog\/wp-json\/wp\/v2\/posts\/824\/revisions\/1518"}],"wp:featuredmedia":[{"embeddable":true,"href":"https:\/\/www.celiacscatalunya.org\/blog\/wp-json\/wp\/v2\/media\/830"}],"wp:attachment":[{"href":"https:\/\/www.celiacscatalunya.org\/blog\/wp-json\/wp\/v2\/media?parent=824"}],"wp:term":[{"taxonomy":"category","embeddable":true,"href":"https:\/\/www.celiacscatalunya.org\/blog\/wp-json\/wp\/v2\/categories?post=824"},{"taxonomy":"post_tag","embeddable":true,"href":"https:\/\/www.celiacscatalunya.org\/blog\/wp-json\/wp\/v2\/tags?post=824"}],"curies":[{"name":"wp","href":"https:\/\/api.w.org\/{rel}","templated":true}]}}