{"id":896,"date":"2019-09-05T13:42:24","date_gmt":"2019-09-05T11:42:24","guid":{"rendered":"https:\/\/www.celiacscatalunya.org\/blog\/?p=896"},"modified":"2019-09-05T13:42:24","modified_gmt":"2019-09-05T11:42:24","slug":"que-taporta-la-nova-app-celiacs-de-catalunya","status":"publish","type":"post","link":"https:\/\/www.celiacscatalunya.org\/blog\/que-taporta-la-nova-app-celiacs-de-catalunya\/","title":{"rendered":"Qu\u00e8 t\u2019aporta la nova app Cel\u00edacs de Catalunya?"},"content":{"rendered":"<p>Despr\u00e9s de molts mesos de treball per fi ha vist la llum la nova app Cel\u00edacs de Catalunya! L\u2019hem feta per a tu, perqu\u00e8 et faciliti seguir la dieta sense gluten i tenir cura de la teva salut!<\/p>\n<p><strong>COM ET POTS DESCARREGAR L\u2019APP?<\/strong><\/p>\n<p>Si tens baixada l&#8217;antiga app al teu tel\u00e8fon m\u00f2bil, esborra-la i despr\u00e9s descarregat la nova.<br \/>\n\u27a1\u00a0Android:\u00a0<a href=\"https:\/\/l.facebook.com\/l.php?u=https%3A%2F%2Fbit.ly%2Fapp_celiacscat_android%3Ffbclid%3DIwAR1mYbjQ9H7xWzLo3oGFUnkndTh-V7ipwDDkUflQwkQhV88MtezQzuqN1vA&amp;h=AT2S-9WienhRzMs2nQu1wVP8_NE9Eyxib1qC3XQP3YYCmxNbXokEMr9Nf9P9fddCpeNryBWZmeUHmYn1pMkLpTpgq29dZ3QKAsLxZMGn9lJHYIclS7MywSqae6BrplZzkIPQtP78X-k2vEMoxzdK-HoKv0LVZXLVWW0HJ7CDFjM58tmQnl6Uj4HHQk0CDvIVSSGukTpfLxvRdE_3QeZe0GPVWOV2xnkdJagkU7tgbbfJ6pYsrSbTGm-oIkKdBZAEjbqdVuHqCZ2D9ta3ct2VXbwedkRw7cFLcHXdow_FtuOXsDfoulUbmaUQhWnNtu_EZT0si0P3xGDF6-G9ZbhRes-u4rJtGcNrDyHnx0xFrShOW54dFANB-Jyz8euJYF1744omIEeVFcMDrxTq9tmf_ElRCUkF1KR3iecmQHtdDSHZwa_H3eHzhAUIloI286uhiJPegIkd-1eV7pNh6cacXi4bTE_Nj0UMwb9WTyKonKStSF3gZykCHWUAyy8tFhjdkwOjQMJobiTLHyW1Xl5fxm0fI6rWJjgHAyxAvDqXXkFhul9yA8CYd7rgLW6REu01y7TM8gm2ismftUiCQWyP4hyWF77yKioLS5hQO5Y\">http:\/\/bit.ly\/app_celiacscat_android<\/a><br \/>\n\u27a1\u00a0iOS:\u00a0<a href=\"https:\/\/l.facebook.com\/l.php?u=https%3A%2F%2Fbit.ly%2Fapp_celiacscat_iOS%3Ffbclid%3DIwAR1C9hCURrIg0JZKbjUVntwmDjLlxoH7bLlmdcXjjNHzi9SQJF8fd4y92xk&amp;h=AT3Mi8ERNQeixO5X3J5akvqwnanb28Bb1uX-cfNLkR2jOaT5YTPE50GHR4p-Wp60Q5l5Vtco5XrHYUxNGJ518KGDXaw6R-Xh_gkWVxrEcXyQShf0tlXmIsHblUBU2Icrmu34Or9QimJwy6fSg4T1Q1xdmH7c8LyuFPdIEDHyoUx45ZyXuFB5yj4Zh6neaeDTgkgjM4JGIEkjl3xugEVEUmP-RyA6u9-GH6N67SwgFDPck7v8DGS4Ye67quDO5YGciSr3lMQc0YOFyWnb-pgFBNmQV8Ts_7iVKR54JVcs2yu2faf3u7qteaTzW6aY5omymfLO1e4_M_Wrt7pfZFtw9pbwp1Fa9j7jZkE7nnBO8GQoM2lpUd8XY6FzUwGHtt7ViEZWr_4XWYlas6Jak0ErJI9WRT5Fa8kl6bCNufcLcgeEk7ge-uqkUcvicuVqybn6CvaEZRQickkZ1hp6obSjDGHK-UCIoOjZqz1pSDu6utpHsWdZvr4La5NXLSos4iCO9zQsedL4wVMHaKkStu2k3J3Ie1ddECLKF0Sx1V8xbC4B6dYvMLfcMopo5HdK7mnqm8EkktYEJn5NdC13GH_Cwgqf-v5ohi8COL_rWW0\">http:\/\/bit.ly\/app_celiacscat_iOS<\/a><\/p>\n<p>L\u2019usuari i la contrasenya s\u00f3n els mateixos que utilitzes per accedir a l\u2019\u00e0rea privada de soci de la web. Si no els recordes, escriu-nos a <a href=\"mailto:info@celiacscatalunya.org\">info@celiacscatalunya.org<\/a> i t\u2019ajudarem.<\/p>\n<p>Si no ets soci, te la pots descarregar igualment i tindr\u00e0s acc\u00e9s al mapa amb establiments sense gluten per\u00f2 no a la resta de contingut. Si et vols associar, ho pots fer <a href=\"https:\/\/www.celiacscatalunya.org\/ca\/associat\">aqu\u00ed<\/a>.<\/p>\n<p><strong>QUINS AVANTATGES T\u2019OFEREIX L\u2019APP?<\/strong><\/p>\n<p><strong>Mapa amb establiments sense gluten<\/strong><\/p>\n<p>Al mapa geolocalitzat <strong>pots consultar els m\u00e9s de 300 establiments acreditats<\/strong> com a aptes per a cel\u00edacs a Catalunya. En un clic <strong>pots veure on ets i quins establiments sense gluten tens a prop<\/strong>! Tamb\u00e9 pots buscar els establiments a la localitat que t\u2019interessi. Hi trobar\u00e0s restaurants, obradors, cadenes, parcs tem\u00e0tics, cafeteries, hotels, gelateries, c\u00e0terings, food truck, etc.<\/p>\n<p><img data-attachment-id=\"897\" data-permalink=\"https:\/\/www.celiacscatalunya.org\/blog\/que-taporta-la-nova-app-celiacs-de-catalunya\/screenshot_20190904-110212_resized_20190905_083834997\/\" data-orig-file=\"https:\/\/i2.wp.com\/www.celiacscatalunya.org\/blog\/wp-content\/uploads\/2019\/09\/Screenshot_20190904-110212_resized_20190905_083834997.jpg?fit=539%2C1026&amp;ssl=1\" data-orig-size=\"539,1026\" data-comments-opened=\"1\" data-image-meta=\"{&quot;aperture&quot;:&quot;0&quot;,&quot;credit&quot;:&quot;&quot;,&quot;camera&quot;:&quot;&quot;,&quot;caption&quot;:&quot;&quot;,&quot;created_timestamp&quot;:&quot;0&quot;,&quot;copyright&quot;:&quot;&quot;,&quot;focal_length&quot;:&quot;0&quot;,&quot;iso&quot;:&quot;0&quot;,&quot;shutter_speed&quot;:&quot;0&quot;,&quot;title&quot;:&quot;&quot;,&quot;orientation&quot;:&quot;1&quot;}\" data-image-title=\"\" data-image-description=\"\" data-medium-file=\"https:\/\/i2.wp.com\/www.celiacscatalunya.org\/blog\/wp-content\/uploads\/2019\/09\/Screenshot_20190904-110212_resized_20190905_083834997.jpg?fit=158%2C300&amp;ssl=1\" data-large-file=\"https:\/\/i2.wp.com\/www.celiacscatalunya.org\/blog\/wp-content\/uploads\/2019\/09\/Screenshot_20190904-110212_resized_20190905_083834997.jpg?fit=538%2C1024&amp;ssl=1\" decoding=\"async\" loading=\"lazy\" class=\"size-medium wp-image-897\" src=\"https:\/\/i2.wp.com\/www.celiacscatalunya.org\/blog\/wp-content\/uploads\/2019\/09\/Screenshot_20190904-110212_resized_20190905_083834997.jpg?resize=158%2C300&#038;ssl=1\" alt=\"establiments sense gluten\" width=\"158\" height=\"300\" srcset=\"https:\/\/i2.wp.com\/www.celiacscatalunya.org\/blog\/wp-content\/uploads\/2019\/09\/Screenshot_20190904-110212_resized_20190905_083834997.jpg?resize=158%2C300&amp;ssl=1 158w, https:\/\/i2.wp.com\/www.celiacscatalunya.org\/blog\/wp-content\/uploads\/2019\/09\/Screenshot_20190904-110212_resized_20190905_083834997.jpg?resize=538%2C1024&amp;ssl=1 538w, https:\/\/i2.wp.com\/www.celiacscatalunya.org\/blog\/wp-content\/uploads\/2019\/09\/Screenshot_20190904-110212_resized_20190905_083834997.jpg?w=539&amp;ssl=1 539w\" sizes=\"(max-width: 158px) 100vw, 158px\" data-recalc-dims=\"1\" \/><\/p>\n<p><strong>Llista d\u2019aliments sense gluten<\/strong><\/p>\n<p>Tots els aliments de la <em>Guia d\u2019aliments sense gluten<\/em> que editem a l\u2019Associaci\u00f3 els pots consultar a la <strong>llista constantment actualitzada de l\u2019app, amb m\u00e9s de 16.500 aliments sense gluten<\/strong>. A m\u00e9s, una gran novetat \u00e9s que pots utilitzar el <strong>lector de codi de barres<\/strong>: apropant el tel\u00e8fon m\u00f2bil al codi de barres dels aliments que vols comprar a la botiga, l&#8217;app t\u2019indicar\u00e0 si estan a la llista d\u2019aliments i s\u00f3n aptes per a cel\u00edacs o no. F\u00e0cil, r\u00e0pid i molt \u00fatil!<\/p>\n<p><img data-attachment-id=\"898\" data-permalink=\"https:\/\/www.celiacscatalunya.org\/blog\/que-taporta-la-nova-app-celiacs-de-catalunya\/aliments-sense-gluten\/\" data-orig-file=\"https:\/\/i0.wp.com\/www.celiacscatalunya.org\/blog\/wp-content\/uploads\/2019\/09\/aliments-sense-gluten.jpg?fit=2476%2C2048&amp;ssl=1\" data-orig-size=\"2476,2048\" data-comments-opened=\"1\" data-image-meta=\"{&quot;aperture&quot;:&quot;0&quot;,&quot;credit&quot;:&quot;&quot;,&quot;camera&quot;:&quot;&quot;,&quot;caption&quot;:&quot;&quot;,&quot;created_timestamp&quot;:&quot;0&quot;,&quot;copyright&quot;:&quot;&quot;,&quot;focal_length&quot;:&quot;0&quot;,&quot;iso&quot;:&quot;0&quot;,&quot;shutter_speed&quot;:&quot;0&quot;,&quot;title&quot;:&quot;&quot;,&quot;orientation&quot;:&quot;1&quot;}\" data-image-title=\"\" data-image-description=\"\" data-medium-file=\"https:\/\/i0.wp.com\/www.celiacscatalunya.org\/blog\/wp-content\/uploads\/2019\/09\/aliments-sense-gluten.jpg?fit=300%2C248&amp;ssl=1\" data-large-file=\"https:\/\/i0.wp.com\/www.celiacscatalunya.org\/blog\/wp-content\/uploads\/2019\/09\/aliments-sense-gluten.jpg?fit=616%2C510&amp;ssl=1\" decoding=\"async\" loading=\"lazy\" class=\"size-medium wp-image-898\" src=\"https:\/\/i0.wp.com\/www.celiacscatalunya.org\/blog\/wp-content\/uploads\/2019\/09\/aliments-sense-gluten.jpg?resize=300%2C248&#038;ssl=1\" alt=\"\" width=\"300\" height=\"248\" srcset=\"https:\/\/i0.wp.com\/www.celiacscatalunya.org\/blog\/wp-content\/uploads\/2019\/09\/aliments-sense-gluten.jpg?resize=300%2C248&amp;ssl=1 300w, https:\/\/i0.wp.com\/www.celiacscatalunya.org\/blog\/wp-content\/uploads\/2019\/09\/aliments-sense-gluten.jpg?resize=768%2C635&amp;ssl=1 768w, https:\/\/i0.wp.com\/www.celiacscatalunya.org\/blog\/wp-content\/uploads\/2019\/09\/aliments-sense-gluten.jpg?resize=1024%2C847&amp;ssl=1 1024w, https:\/\/i0.wp.com\/www.celiacscatalunya.org\/blog\/wp-content\/uploads\/2019\/09\/aliments-sense-gluten.jpg?resize=816%2C675&amp;ssl=1 816w, https:\/\/i0.wp.com\/www.celiacscatalunya.org\/blog\/wp-content\/uploads\/2019\/09\/aliments-sense-gluten.jpg?w=1232&amp;ssl=1 1232w, https:\/\/i0.wp.com\/www.celiacscatalunya.org\/blog\/wp-content\/uploads\/2019\/09\/aliments-sense-gluten.jpg?w=1848&amp;ssl=1 1848w\" sizes=\"(max-width: 300px) 100vw, 300px\" data-recalc-dims=\"1\" \/><\/p>\n<p><strong>Activitats que organitzem<\/strong><\/p>\n<p>Pots estar al dia de totes les activitats que organitzem en cada localitat!<img data-attachment-id=\"899\" data-permalink=\"https:\/\/www.celiacscatalunya.org\/blog\/que-taporta-la-nova-app-celiacs-de-catalunya\/activitats-celiacs\/\" data-orig-file=\"https:\/\/i1.wp.com\/www.celiacscatalunya.org\/blog\/wp-content\/uploads\/2019\/09\/activitats-celiacs.jpg?fit=1077%2C2039&amp;ssl=1\" data-orig-size=\"1077,2039\" data-comments-opened=\"1\" data-image-meta=\"{&quot;aperture&quot;:&quot;0&quot;,&quot;credit&quot;:&quot;&quot;,&quot;camera&quot;:&quot;&quot;,&quot;caption&quot;:&quot;&quot;,&quot;created_timestamp&quot;:&quot;0&quot;,&quot;copyright&quot;:&quot;&quot;,&quot;focal_length&quot;:&quot;0&quot;,&quot;iso&quot;:&quot;0&quot;,&quot;shutter_speed&quot;:&quot;0&quot;,&quot;title&quot;:&quot;&quot;,&quot;orientation&quot;:&quot;1&quot;}\" data-image-title=\"\" data-image-description=\"\" data-medium-file=\"https:\/\/i1.wp.com\/www.celiacscatalunya.org\/blog\/wp-content\/uploads\/2019\/09\/activitats-celiacs.jpg?fit=158%2C300&amp;ssl=1\" data-large-file=\"https:\/\/i1.wp.com\/www.celiacscatalunya.org\/blog\/wp-content\/uploads\/2019\/09\/activitats-celiacs.jpg?fit=541%2C1024&amp;ssl=1\" decoding=\"async\" loading=\"lazy\" class=\"alignnone size-medium wp-image-899\" src=\"https:\/\/i1.wp.com\/www.celiacscatalunya.org\/blog\/wp-content\/uploads\/2019\/09\/activitats-celiacs.jpg?resize=158%2C300&#038;ssl=1\" alt=\"activitats celiacs\" width=\"158\" height=\"300\" srcset=\"https:\/\/i1.wp.com\/www.celiacscatalunya.org\/blog\/wp-content\/uploads\/2019\/09\/activitats-celiacs.jpg?resize=158%2C300&amp;ssl=1 158w, https:\/\/i1.wp.com\/www.celiacscatalunya.org\/blog\/wp-content\/uploads\/2019\/09\/activitats-celiacs.jpg?resize=768%2C1454&amp;ssl=1 768w, https:\/\/i1.wp.com\/www.celiacscatalunya.org\/blog\/wp-content\/uploads\/2019\/09\/activitats-celiacs.jpg?resize=541%2C1024&amp;ssl=1 541w, https:\/\/i1.wp.com\/www.celiacscatalunya.org\/blog\/wp-content\/uploads\/2019\/09\/activitats-celiacs.jpg?resize=816%2C1545&amp;ssl=1 816w, https:\/\/i1.wp.com\/www.celiacscatalunya.org\/blog\/wp-content\/uploads\/2019\/09\/activitats-celiacs.jpg?w=1077&amp;ssl=1 1077w\" sizes=\"(max-width: 158px) 100vw, 158px\" data-recalc-dims=\"1\" \/><\/p>\n<p><strong>Descomptes per a socis<\/strong><\/p>\n<p>Consulta tots els descomptes i avantatges que tens per ser soci! Gr\u00e0cies a la teva aportaci\u00f3 podem seguir treballant per a tu i per a tot el col\u00b7lectiu cel\u00edac. Volem que te\u2019n puguis beneficiar. No perdis cap oportunitat!<\/p>\n<p><img data-attachment-id=\"900\" data-permalink=\"https:\/\/www.celiacscatalunya.org\/blog\/que-taporta-la-nova-app-celiacs-de-catalunya\/descomptes-celiacs\/\" data-orig-file=\"https:\/\/i2.wp.com\/www.celiacscatalunya.org\/blog\/wp-content\/uploads\/2019\/09\/descomptes-celiacs.png?fit=717%2C1135&amp;ssl=1\" data-orig-size=\"717,1135\" data-comments-opened=\"1\" data-image-meta=\"{&quot;aperture&quot;:&quot;0&quot;,&quot;credit&quot;:&quot;&quot;,&quot;camera&quot;:&quot;&quot;,&quot;caption&quot;:&quot;&quot;,&quot;created_timestamp&quot;:&quot;0&quot;,&quot;copyright&quot;:&quot;&quot;,&quot;focal_length&quot;:&quot;0&quot;,&quot;iso&quot;:&quot;0&quot;,&quot;shutter_speed&quot;:&quot;0&quot;,&quot;title&quot;:&quot;&quot;,&quot;orientation&quot;:&quot;0&quot;}\" data-image-title=\"descomptes celiacs\" data-image-description=\"\" data-medium-file=\"https:\/\/i2.wp.com\/www.celiacscatalunya.org\/blog\/wp-content\/uploads\/2019\/09\/descomptes-celiacs.png?fit=190%2C300&amp;ssl=1\" data-large-file=\"https:\/\/i2.wp.com\/www.celiacscatalunya.org\/blog\/wp-content\/uploads\/2019\/09\/descomptes-celiacs.png?fit=616%2C975&amp;ssl=1\" decoding=\"async\" loading=\"lazy\" class=\"alignnone size-medium wp-image-900\" src=\"https:\/\/i2.wp.com\/www.celiacscatalunya.org\/blog\/wp-content\/uploads\/2019\/09\/descomptes-celiacs.png?resize=190%2C300&#038;ssl=1\" alt=\"\" width=\"190\" height=\"300\" srcset=\"https:\/\/i2.wp.com\/www.celiacscatalunya.org\/blog\/wp-content\/uploads\/2019\/09\/descomptes-celiacs.png?resize=190%2C300&amp;ssl=1 190w, https:\/\/i2.wp.com\/www.celiacscatalunya.org\/blog\/wp-content\/uploads\/2019\/09\/descomptes-celiacs.png?resize=647%2C1024&amp;ssl=1 647w, https:\/\/i2.wp.com\/www.celiacscatalunya.org\/blog\/wp-content\/uploads\/2019\/09\/descomptes-celiacs.png?w=717&amp;ssl=1 717w\" sizes=\"(max-width: 190px) 100vw, 190px\" data-recalc-dims=\"1\" \/><\/p>\n<p><strong>Carnet de soci<\/strong><\/p>\n<p>Pots accedir f\u00e0cilment al carnet digital de soci a trav\u00e9s de l\u2019app. El carnet el necessitar\u00e0s per gaudir de descomptes exclusius per a socis.<\/p>\n<p><strong>Avisos i alertes aliment\u00e0ries<\/strong><\/p>\n<p>Sempre t\u2019avisem quan, per exemple, un lot de productes etiquetats sense gluten en contenen per error o b\u00e9 quan hi ha productes mal etiquetats que poden generar confusi\u00f3. Creem una alerta per informar-te de primera m\u00e0 i amb rigor.<\/p>\n<p>Si ja t\u2019has descarregat l\u2019app, desitgem que et sigui molt \u00fatil! No t\u2019oblidis d\u2019escriure\u2019ns una ressenya a Apple Store i Google Play! \ud83d\ude09<\/p>\n","protected":false},"excerpt":{"rendered":"<p>Despr\u00e9s de molts mesos de treball per fi ha vist la llum la nova app Cel\u00edacs de Catalunya! L\u2019hem feta per a tu, perqu\u00e8 et faciliti seguir la dieta sense gluten i tenir cura de la teva salut! COM ET POTS DESCARREGAR L\u2019APP? Si tens baixada l&#8217;antiga app al teu tel\u00e8fon m\u00f2bil, esborra-la i despr\u00e9s [&hellip;]<\/p>\n","protected":false},"author":6,"featured_media":903,"comment_status":"open","ping_status":"closed","sticky":false,"template":"","format":"standard","meta":{"spay_email":"","jetpack_publicize_message":""},"categories":[79,71],"tags":[109],"jetpack_featured_media_url":"https:\/\/i0.wp.com\/www.celiacscatalunya.org\/blog\/wp-content\/uploads\/2019\/09\/app-celiacs-catalunya.jpg?fit=800%2C533&ssl=1","jetpack_publicize_connections":[],"jetpack_sharing_enabled":true,"jetpack_shortlink":"https:\/\/wp.me\/p9jMUf-es","jetpack-related-posts":[],"_links":{"self":[{"href":"https:\/\/www.celiacscatalunya.org\/blog\/wp-json\/wp\/v2\/posts\/896"}],"collection":[{"href":"https:\/\/www.celiacscatalunya.org\/blog\/wp-json\/wp\/v2\/posts"}],"about":[{"href":"https:\/\/www.celiacscatalunya.org\/blog\/wp-json\/wp\/v2\/types\/post"}],"author":[{"embeddable":true,"href":"https:\/\/www.celiacscatalunya.org\/blog\/wp-json\/wp\/v2\/users\/6"}],"replies":[{"embeddable":true,"href":"https:\/\/www.celiacscatalunya.org\/blog\/wp-json\/wp\/v2\/comments?post=896"}],"version-history":[{"count":5,"href":"https:\/\/www.celiacscatalunya.org\/blog\/wp-json\/wp\/v2\/posts\/896\/revisions"}],"predecessor-version":[{"id":907,"href":"https:\/\/www.celiacscatalunya.org\/blog\/wp-json\/wp\/v2\/posts\/896\/revisions\/907"}],"wp:featuredmedia":[{"embeddable":true,"href":"https:\/\/www.celiacscatalunya.org\/blog\/wp-json\/wp\/v2\/media\/903"}],"wp:attachment":[{"href":"https:\/\/www.celiacscatalunya.org\/blog\/wp-json\/wp\/v2\/media?parent=896"}],"wp:term":[{"taxonomy":"category","embeddable":true,"href":"https:\/\/www.celiacscatalunya.org\/blog\/wp-json\/wp\/v2\/categories?post=896"},{"taxonomy":"post_tag","embeddable":true,"href":"https:\/\/www.celiacscatalunya.org\/blog\/wp-json\/wp\/v2\/tags?post=896"}],"curies":[{"name":"wp","href":"https:\/\/api.w.org\/{rel}","templated":true}]}}