{"id":95,"date":"2017-10-18T06:31:19","date_gmt":"2017-10-18T06:31:19","guid":{"rendered":"http:\/\/www.celiacscatalunya.org\/blog\/?p=95"},"modified":"2017-11-17T10:41:59","modified_gmt":"2017-11-17T10:41:59","slug":"campanya-de-sensibilitzacio","status":"publish","type":"post","link":"https:\/\/www.celiacscatalunya.org\/blog\/campanya-de-sensibilitzacio\/","title":{"rendered":"Campanya de sensibilitzaci\u00f3"},"content":{"rendered":"<p style=\"text-align: justify;\"><span style=\"font-family: verdana, geneva, sans-serif; font-size: 10pt;\">Si ens seguiu a les xarxes segur que ja coneixeu la <strong>Campanya de Sensibilitzaci\u00f3<\/strong> d\u2019enguany: <strong>#lestracescompten<\/strong> amb la qual pretenem aconseguir un<strong> empoderament de les persones amb malaltia cel\u00edaca i sensibles al gluten no cel\u00edacs <\/strong>davant l\u2019actual situaci\u00f3 de confusi\u00f3 i desinformaci\u00f3 general en relaci\u00f3 a la dieta sense gluten.<!--more--><\/span><\/p>\n<p style=\"text-align: justify;\"><span style=\"font-family: verdana, geneva, sans-serif; font-size: 10pt;\">Aquesta campanya que encara est\u00e0 en marxa, es va realitzar amb els seg\u00fcents objectius:<\/span><\/p>\n<ul style=\"text-align: justify;\">\n<li><span style=\"font-family: verdana, geneva, sans-serif; font-size: 10pt;\"><strong>Sensibilitzar<\/strong> al <strong>col\u00b7lectiu restaurador i obradors<\/strong> per tal de fomentar unes bones pr\u00e0ctiques en l\u2019elaboraci\u00f3 de productes sense gluten, fent \u00e8mfasi en el fet que les traces s\u00f3n un greu perill per la nostra salut.<\/span><\/li>\n<li><span style=\"font-family: verdana, geneva, sans-serif; font-size: 10pt;\">Sensibilitzar als <strong>fabricants<\/strong> sobre la import\u00e0ncia de declarar traces i no utilitzar l\u2019etiquetatge preventiu.<\/span><\/li>\n<li><span style=\"font-family: verdana, geneva, sans-serif; font-size: 10pt;\">Facilitar al <strong>col\u00b7lectiu sanitari <\/strong>catal\u00e0 elements de comunicaci\u00f3 claus per divulgar entre els pacients que la transgressi\u00f3 de la dieta provoca danys severs en el seu intest\u00ed, i a llarg termini malalties greus.<\/span><\/li>\n<li><span style=\"font-family: verdana, geneva, sans-serif; font-size: 10pt;\">Sensibilitzar a les <strong>institucions p\u00fabliques<\/strong> del greuge econ\u00f2mic que patim els cel\u00edacs respecte a la resta de pacients perqu\u00e8 nosaltres paguem el 100% del tractament m\u00e8dic que ens han prescrit.<\/span><\/li>\n<li><span style=\"font-family: verdana, geneva, sans-serif; font-size: 10pt;\">Sensibilitzar als <strong>consistoris<\/strong> catalans perqu\u00e8 facilitin la normalitzaci\u00f3 en les activitats populars, culturals i esportives que realitzin al municipi.<\/span><\/li>\n<\/ul>\n<p style=\"text-align: justify;\"><span style=\"font-family: verdana, geneva, sans-serif; font-size: 10pt;\">Amb motiu d\u2019aquesta campanya s\u2019ha generat tot un seguit de material divulgatiu que teniu a la vostra disposici\u00f3:<\/span><\/p>\n<p style=\"text-align: justify;\"><span style=\"font-family: verdana, geneva, sans-serif; font-size: 10pt;\"><a href=\"https:\/\/youtu.be\/11DOXvPreL8\" target=\"_blank\"><strong>V\u00eddeo \u201cMalalties associades\u201d<\/strong><\/a><strong>, <\/strong>per donar visibilitat a les m\u00faltiples complicacions que pateixen molts cel\u00edacs que no segueixen la dieta sigui per un diagn\u00f2stic tard\u00e0 (mitjana de 7 anys per ser diagnosticat) o per transgressions involunt\u00e0ries.<\/span><\/p>\n<p style=\"text-align: justify;\"><span style=\"font-family: verdana, geneva, sans-serif; font-size: 10pt;\"><img data-attachment-id=\"100\" data-permalink=\"https:\/\/www.celiacscatalunya.org\/blog\/campanya-de-sensibilitzacio\/video\/\" data-orig-file=\"https:\/\/i0.wp.com\/www.celiacscatalunya.org\/blog\/wp-content\/uploads\/2017\/09\/Video.jpg?fit=300%2C145&amp;ssl=1\" data-orig-size=\"300,145\" data-comments-opened=\"1\" data-image-meta=\"{&quot;aperture&quot;:&quot;0&quot;,&quot;credit&quot;:&quot;&quot;,&quot;camera&quot;:&quot;&quot;,&quot;caption&quot;:&quot;&quot;,&quot;created_timestamp&quot;:&quot;0&quot;,&quot;copyright&quot;:&quot;&quot;,&quot;focal_length&quot;:&quot;0&quot;,&quot;iso&quot;:&quot;0&quot;,&quot;shutter_speed&quot;:&quot;0&quot;,&quot;title&quot;:&quot;&quot;,&quot;orientation&quot;:&quot;0&quot;}\" data-image-title=\"Video\" data-image-description=\"\" data-medium-file=\"https:\/\/i0.wp.com\/www.celiacscatalunya.org\/blog\/wp-content\/uploads\/2017\/09\/Video.jpg?fit=300%2C145&amp;ssl=1\" data-large-file=\"https:\/\/i0.wp.com\/www.celiacscatalunya.org\/blog\/wp-content\/uploads\/2017\/09\/Video.jpg?fit=300%2C145&amp;ssl=1\" decoding=\"async\" loading=\"lazy\" class=\"aligncenter wp-image-100\" src=\"https:\/\/i0.wp.com\/www.celiacscatalunya.org\/blog\/wp-content\/uploads\/2017\/09\/Video.jpg?resize=252%2C122&#038;ssl=1\" alt=\"\" width=\"252\" height=\"122\" data-recalc-dims=\"1\" \/><\/span><\/p>\n<p style=\"text-align: justify;\"><span style=\"font-family: verdana, geneva, sans-serif; font-size: 10pt;\"><a href=\"https:\/\/www.celiacscatalunya.org\/pdfs\/Presentacio_desplegable%20lestracescompten.pdf\" target=\"_blank\"><strong>Fullet\u00f3 #lestracescompten<\/strong><\/a><strong>, <\/strong>amb 6 cossos per informar dels falsos mites que hi ha sobre la celiaquia (que no hi ha graus, que no \u00e9s una intoler\u00e0ncia, que no passa res per una mica de gluten&#8230;) i qu\u00e8 cal tenir en compte per evitar la contaminaci\u00f3 encreuada.<\/span><\/p>\n<p style=\"text-align: justify;\"><span style=\"font-family: verdana, geneva, sans-serif; font-size: 10pt;\"><img data-attachment-id=\"101\" data-permalink=\"https:\/\/www.celiacscatalunya.org\/blog\/campanya-de-sensibilitzacio\/triptic\/\" data-orig-file=\"https:\/\/i1.wp.com\/www.celiacscatalunya.org\/blog\/wp-content\/uploads\/2017\/09\/triptic.png?fit=1026%2C266&amp;ssl=1\" data-orig-size=\"1026,266\" data-comments-opened=\"1\" data-image-meta=\"{&quot;aperture&quot;:&quot;0&quot;,&quot;credit&quot;:&quot;&quot;,&quot;camera&quot;:&quot;&quot;,&quot;caption&quot;:&quot;&quot;,&quot;created_timestamp&quot;:&quot;0&quot;,&quot;copyright&quot;:&quot;&quot;,&quot;focal_length&quot;:&quot;0&quot;,&quot;iso&quot;:&quot;0&quot;,&quot;shutter_speed&quot;:&quot;0&quot;,&quot;title&quot;:&quot;&quot;,&quot;orientation&quot;:&quot;0&quot;}\" data-image-title=\"triptic\" data-image-description=\"\" data-medium-file=\"https:\/\/i1.wp.com\/www.celiacscatalunya.org\/blog\/wp-content\/uploads\/2017\/09\/triptic.png?fit=300%2C78&amp;ssl=1\" data-large-file=\"https:\/\/i1.wp.com\/www.celiacscatalunya.org\/blog\/wp-content\/uploads\/2017\/09\/triptic.png?fit=616%2C159&amp;ssl=1\" decoding=\"async\" loading=\"lazy\" class=\"size-medium wp-image-101 aligncenter\" src=\"https:\/\/i1.wp.com\/www.celiacscatalunya.org\/blog\/wp-content\/uploads\/2017\/09\/triptic.png?resize=300%2C78&#038;ssl=1\" alt=\"\" width=\"300\" height=\"78\" srcset=\"https:\/\/i1.wp.com\/www.celiacscatalunya.org\/blog\/wp-content\/uploads\/2017\/09\/triptic.png?resize=300%2C78&amp;ssl=1 300w, https:\/\/i1.wp.com\/www.celiacscatalunya.org\/blog\/wp-content\/uploads\/2017\/09\/triptic.png?resize=768%2C199&amp;ssl=1 768w, https:\/\/i1.wp.com\/www.celiacscatalunya.org\/blog\/wp-content\/uploads\/2017\/09\/triptic.png?resize=1024%2C265&amp;ssl=1 1024w, https:\/\/i1.wp.com\/www.celiacscatalunya.org\/blog\/wp-content\/uploads\/2017\/09\/triptic.png?resize=816%2C212&amp;ssl=1 816w, https:\/\/i1.wp.com\/www.celiacscatalunya.org\/blog\/wp-content\/uploads\/2017\/09\/triptic.png?w=1026&amp;ssl=1 1026w\" sizes=\"(max-width: 300px) 100vw, 300px\" data-recalc-dims=\"1\" \/><\/span><\/p>\n<p style=\"text-align: justify;\"><span style=\"font-family: verdana, geneva, sans-serif; font-size: 10pt;\"><a href=\"https:\/\/www.facebook.com\/celiacscatalunya\/\" target=\"_blank\"><strong>Posts \u201c#lestracescompten\u201d,<\/strong><\/a> material divulgatiu explicant les complicacions de salut que apareixen en transgredir la dieta.<\/span><\/p>\n<p style=\"text-align: justify;\"><span style=\"font-family: verdana, geneva, sans-serif; font-size: 10pt;\"><strong><a href=\"https:\/\/www.facebook.com\/celiacscatalunya\/\" target=\"_blank\">52 Tips sense gluten<\/a>, <\/strong>que setmanalment anem publicant amb consells que desmitifiquen falses creences respecte al que s\u2019ha de fer i consumir en una dieta sense gluten i en el protocol d\u2019elaboraci\u00f3, i deixant clar fonaments imprescindibles per dur a terme una dieta amb tota seguretat.<\/span><\/p>\n<p style=\"text-align: justify;\"><span style=\"font-family: verdana, geneva, sans-serif; font-size: 10pt;\"><strong><a href=\"https:\/\/www.celiacscatalunya.org\/pdfs\/Triptic%20Celiaquia.pdf\" target=\"_blank\">Tr\u00edptic \u201cLa Celiaquia<\/a>, <\/strong>el que s\u2019ha de saber sobre el <strong>diagn\u00f2stic de celiaquia<\/strong>, amb informaci\u00f3 actualitzada sobre el proc\u00e9s de diagn\u00f2stic.<\/span><\/p>\n<p style=\"text-align: justify;\"><span style=\"font-family: verdana, geneva, sans-serif; font-size: 10pt;\">Agra\u00efm el teu suport i preguem que ens ajudis a difondre aquest material i el hashtag <strong>#lestracescompten<\/strong> per tal d\u2019arribar a tots els col\u00b7lectius.<\/span><\/p>\n<p style=\"text-align: justify;\"><span style=\"font-family: verdana, geneva, sans-serif; font-size: 10pt;\"><strong>Perqu\u00e8 amb una mica de gluten, s\u00ed que passa! Les traces compten. Fem-ho saber!<\/strong><\/span><\/p>\n","protected":false},"excerpt":{"rendered":"<p>Si ens seguiu a les xarxes segur que ja coneixeu la Campanya de Sensibilitzaci\u00f3 d\u2019enguany: #lestracescompten amb la qual pretenem aconseguir un empoderament de les persones amb malaltia cel\u00edaca i sensibles al gluten no cel\u00edacs davant l\u2019actual situaci\u00f3 de confusi\u00f3 i desinformaci\u00f3 general en relaci\u00f3 a la dieta sense gluten.<\/p>\n","protected":false},"author":1,"featured_media":96,"comment_status":"open","ping_status":"closed","sticky":false,"template":"","format":"standard","meta":{"spay_email":"","jetpack_publicize_message":""},"categories":[22,4,11],"tags":[25,28,29,24,30,27,7,23,26],"jetpack_featured_media_url":"https:\/\/i1.wp.com\/www.celiacscatalunya.org\/blog\/wp-content\/uploads\/2017\/09\/Campanya-Sensibilitzacio.png?fit=600%2C310&ssl=1","jetpack_publicize_connections":[],"jetpack_sharing_enabled":true,"jetpack_shortlink":"https:\/\/wp.me\/p9jMUf-1x","jetpack-related-posts":[],"_links":{"self":[{"href":"https:\/\/www.celiacscatalunya.org\/blog\/wp-json\/wp\/v2\/posts\/95"}],"collection":[{"href":"https:\/\/www.celiacscatalunya.org\/blog\/wp-json\/wp\/v2\/posts"}],"about":[{"href":"https:\/\/www.celiacscatalunya.org\/blog\/wp-json\/wp\/v2\/types\/post"}],"author":[{"embeddable":true,"href":"https:\/\/www.celiacscatalunya.org\/blog\/wp-json\/wp\/v2\/users\/1"}],"replies":[{"embeddable":true,"href":"https:\/\/www.celiacscatalunya.org\/blog\/wp-json\/wp\/v2\/comments?post=95"}],"version-history":[{"count":19,"href":"https:\/\/www.celiacscatalunya.org\/blog\/wp-json\/wp\/v2\/posts\/95\/revisions"}],"predecessor-version":[{"id":243,"href":"https:\/\/www.celiacscatalunya.org\/blog\/wp-json\/wp\/v2\/posts\/95\/revisions\/243"}],"wp:featuredmedia":[{"embeddable":true,"href":"https:\/\/www.celiacscatalunya.org\/blog\/wp-json\/wp\/v2\/media\/96"}],"wp:attachment":[{"href":"https:\/\/www.celiacscatalunya.org\/blog\/wp-json\/wp\/v2\/media?parent=95"}],"wp:term":[{"taxonomy":"category","embeddable":true,"href":"https:\/\/www.celiacscatalunya.org\/blog\/wp-json\/wp\/v2\/categories?post=95"},{"taxonomy":"post_tag","embeddable":true,"href":"https:\/\/www.celiacscatalunya.org\/blog\/wp-json\/wp\/v2\/tags?post=95"}],"curies":[{"name":"wp","href":"https:\/\/api.w.org\/{rel}","templated":true}]}}